{"id":34239,"date":"2019-05-14T15:10:19","date_gmt":"2019-05-14T19:10:19","guid":{"rendered":"https:\/\/linitiative.ca\/International\/international-fc-barcelone-saison-terminee-pour-dembele\/"},"modified":"2019-05-14T15:10:19","modified_gmt":"2019-05-14T19:10:19","slug":"international-fc-barcelone-saison-terminee-pour-dembele","status":"publish","type":"post","link":"https:\/\/linitiative.ca\/International\/international-fc-barcelone-saison-terminee-pour-dembele\/","title":{"rendered":"International : FC Barcelone: saison termin\u00e9e pour Demb\u00e9l\u00e9 ?"},"content":{"rendered":"<div readability=\"32\">\n<p>Auteur : <span class=\"time\">mardi 14 mai 2019 13:48<\/span><\/p>\n<\/div>\n<div id=\"post_core\" readability=\"43\">\n<p>Touch\u00e9 derri\u00e8re la cuisse contre le Celta Vigo (0-2) le 4 mai dernier, Ousmane Demb\u00e9l\u00e9 pourrait manquer les derniers matchs de la saison avec le FC Barcelone et notamment la finale de la Coupe du Roi, le samedi 25 mai prochain contre Valence. S&rsquo;il a entam\u00e9 un s\u00e9rieux processus pour gu\u00e9rir en temps voulu, le champion du monde fran\u00e7ais, qui s&rsquo;est fix\u00e9 pour objectif de disputer ce match d\u00e9cisif, doit n\u00e9anmoins observer au moins trois semaines de repos comme le rappelle le quotidien catalan Sport. Un retour potentiellement risqu\u00e9 donc pour l&rsquo;ailier barcelonais, trop souvent handicap\u00e9 par les blessures musculaires depuis son arriv\u00e9e en Catalogne en 2017. D\u00e9j\u00e0 priv\u00e9s de Luis Suarez op\u00e9r\u00e9 du genou, le Bar\u00e7a et Ernesto Valverde aimeraient s&rsquo;appuyer sur l&rsquo;ancien Rennais pour cette finale, mais ne prendront aucun risque pour autant. Les prochains jours s&rsquo;annoncent d\u00e9cisifs rapporte Maxifoot.fr.<\/p>\n<p><strong>Publi\u00e9 dans :<\/strong> <span>Dembel\u00e9<\/span><\/p>\n<\/div>\n<p>Auteur:<br \/>\n<a href=\"http:\/\/www.lebuteur.com\/article\/detail?titre=fc-barcelone-saison-terminee-pour-dembele&#038;id=88798&#038;utm_source=feedburner&#038;utm_medium=feed&#038;utm_campaign=Feed%3A+GalerieFArtciles+%28Les+derniers+articles++-+lebuteur.com%29\">Cliquez ici pour lire l&rsquo;article depuis sa source.<\/a><\/p>\n","protected":false},"excerpt":{"rendered":"<p>Auteur : mardi 14 mai 2019 13:48 Touch\u00e9 derri\u00e8re la cuisse contre le Celta Vigo (0-2) le 4 mai dernier, Ousmane Demb\u00e9l\u00e9 pourrait manquer les derniers matchs de la saison avec le FC Barcelone et notamment la finale de la Coupe du Roi, le samedi 25 mai prochain contre Valence. S&rsquo;il a entam\u00e9 un s\u00e9rieux [&hellip;]<\/p>\n","protected":false},"author":1738,"featured_media":34240,"comment_status":"closed","ping_status":"closed","sticky":false,"template":"","format":"standard","meta":{"fifu_image_url":"","fifu_image_alt":"","footnotes":""},"categories":[53,75],"tags":[],"class_list":["post-34239","post","type-post","status-publish","format-standard","has-post-thumbnail","hentry","category-algerie","category-sport"],"_links":{"self":[{"href":"https:\/\/linitiative.ca\/International\/wp-json\/wp\/v2\/posts\/34239","targetHints":{"allow":["GET"]}}],"collection":[{"href":"https:\/\/linitiative.ca\/International\/wp-json\/wp\/v2\/posts"}],"about":[{"href":"https:\/\/linitiative.ca\/International\/wp-json\/wp\/v2\/types\/post"}],"author":[{"embeddable":true,"href":"https:\/\/linitiative.ca\/International\/wp-json\/wp\/v2\/users\/1738"}],"replies":[{"embeddable":true,"href":"https:\/\/linitiative.ca\/International\/wp-json\/wp\/v2\/comments?post=34239"}],"version-history":[{"count":0,"href":"https:\/\/linitiative.ca\/International\/wp-json\/wp\/v2\/posts\/34239\/revisions"}],"wp:featuredmedia":[{"embeddable":true,"href":"https:\/\/linitiative.ca\/International\/wp-json\/"}],"wp:attachment":[{"href":"https:\/\/linitiative.ca\/International\/wp-json\/wp\/v2\/media?parent=34239"}],"wp:term":[{"taxonomy":"category","embeddable":true,"href":"https:\/\/linitiative.ca\/International\/wp-json\/wp\/v2\/categories?post=34239"},{"taxonomy":"post_tag","embeddable":true,"href":"https:\/\/linitiative.ca\/International\/wp-json\/wp\/v2\/tags?post=34239"}],"curies":[{"name":"wp","href":"https:\/\/api.w.org\/{rel}","templated":true}]}}