{"id":34241,"date":"2019-05-14T15:10:22","date_gmt":"2019-05-14T19:10:22","guid":{"rendered":"https:\/\/linitiative.ca\/International\/afrique-nigeria-obi-mikel-veut-revenir-pour-la-can\/"},"modified":"2019-05-14T15:10:22","modified_gmt":"2019-05-14T19:10:22","slug":"afrique-nigeria-obi-mikel-veut-revenir-pour-la-can","status":"publish","type":"post","link":"https:\/\/linitiative.ca\/International\/afrique-nigeria-obi-mikel-veut-revenir-pour-la-can\/","title":{"rendered":"Afrique : Nigeria : Obi Mikel veut revenir pour la CAN"},"content":{"rendered":"<div readability=\"32\">\n<p>Auteur : <span class=\"time\">mardi 14 mai 2019 14:00<\/span><\/p>\n<\/div>\n<div id=\"post_core\" readability=\"46\">\n<p>Comme le souligne Sport24, cette nouvelle a \u00e9t\u00e9 annonc\u00e9e par un membre de l&rsquo;encadrement des Super Eagles :<\/p>\n<p>\u00ab\u00a0Mikel s&rsquo;est entretenu avec le coach (Gernot) Rohr en Angleterre et lui a confirm\u00e9 qu&rsquo;il sera op\u00e9rationnel pour la Coupe (d&rsquo;Afrique) des Nations en Egypte\u00bb a d\u00e9clar\u00e9 lundi un officiel de la s\u00e9lection nig\u00e9riane, \u00e0 propos de l&rsquo;ancien joueur de Chelsea, de retour cette ann\u00e9e en Angleterre, \u00e0 Middlesbrough, apr\u00e8s deux ans \u00e0 Tianjin Teda en Chine.\u00a0Obi Mikel, 32 ans (85 s\u00e9lections), n&rsquo;a plus port\u00e9 le maillot des Super Eagles depuis le Mondial-2018 l&rsquo;\u00e9t\u00e9 dernier en Russie.\u00a0Le Nigeria fait son retour en phase finale de la Coupe d&rsquo;Afrique des Nations, apr\u00e8s avoir manqu\u00e9 la qualification lors des deux pr\u00e9c\u00e9dentes \u00e9ditions.<\/p>\n<\/div>\n<p>Auteur:<br \/>\n<a href=\"http:\/\/www.lebuteur.com\/article\/detail?titre=nigeria-obi-mikel-veut-revenir-pour-la-can&#038;id=88799&#038;utm_source=feedburner&#038;utm_medium=feed&#038;utm_campaign=Feed%3A+GalerieFArtciles+%28Les+derniers+articles++-+lebuteur.com%29\">Cliquez ici pour lire l&rsquo;article depuis sa source.<\/a><\/p>\n","protected":false},"excerpt":{"rendered":"<p>Auteur : mardi 14 mai 2019 14:00 Comme le souligne Sport24, cette nouvelle a \u00e9t\u00e9 annonc\u00e9e par un membre de l&rsquo;encadrement des Super Eagles : \u00ab\u00a0Mikel s&rsquo;est entretenu avec le coach (Gernot) Rohr en Angleterre et lui a confirm\u00e9 qu&rsquo;il sera op\u00e9rationnel pour la Coupe (d&rsquo;Afrique) des Nations en Egypte\u00bb a d\u00e9clar\u00e9 lundi un officiel [&hellip;]<\/p>\n","protected":false},"author":1738,"featured_media":34242,"comment_status":"closed","ping_status":"closed","sticky":false,"template":"","format":"standard","meta":{"fifu_image_url":"","fifu_image_alt":"","footnotes":""},"categories":[53,75],"tags":[],"class_list":["post-34241","post","type-post","status-publish","format-standard","has-post-thumbnail","hentry","category-algerie","category-sport"],"_links":{"self":[{"href":"https:\/\/linitiative.ca\/International\/wp-json\/wp\/v2\/posts\/34241","targetHints":{"allow":["GET"]}}],"collection":[{"href":"https:\/\/linitiative.ca\/International\/wp-json\/wp\/v2\/posts"}],"about":[{"href":"https:\/\/linitiative.ca\/International\/wp-json\/wp\/v2\/types\/post"}],"author":[{"embeddable":true,"href":"https:\/\/linitiative.ca\/International\/wp-json\/wp\/v2\/users\/1738"}],"replies":[{"embeddable":true,"href":"https:\/\/linitiative.ca\/International\/wp-json\/wp\/v2\/comments?post=34241"}],"version-history":[{"count":0,"href":"https:\/\/linitiative.ca\/International\/wp-json\/wp\/v2\/posts\/34241\/revisions"}],"wp:featuredmedia":[{"embeddable":true,"href":"https:\/\/linitiative.ca\/International\/wp-json\/"}],"wp:attachment":[{"href":"https:\/\/linitiative.ca\/International\/wp-json\/wp\/v2\/media?parent=34241"}],"wp:term":[{"taxonomy":"category","embeddable":true,"href":"https:\/\/linitiative.ca\/International\/wp-json\/wp\/v2\/categories?post=34241"},{"taxonomy":"post_tag","embeddable":true,"href":"https:\/\/linitiative.ca\/International\/wp-json\/wp\/v2\/tags?post=34241"}],"curies":[{"name":"wp","href":"https:\/\/api.w.org\/{rel}","templated":true}]}}