{"id":34243,"date":"2019-05-14T15:10:25","date_gmt":"2019-05-14T19:10:25","guid":{"rendered":"https:\/\/linitiative.ca\/International\/international-la-roma-annonce-le-depart-de-daniele-de-rossi\/"},"modified":"2019-05-14T15:10:25","modified_gmt":"2019-05-14T19:10:25","slug":"international-la-roma-annonce-le-depart-de-daniele-de-rossi","status":"publish","type":"post","link":"https:\/\/linitiative.ca\/International\/international-la-roma-annonce-le-depart-de-daniele-de-rossi\/","title":{"rendered":"International : la Roma annonce le d\u00e9part de Daniele De Rossi"},"content":{"rendered":"<div readability=\"32\">\n<p>Auteur : <span class=\"time\">mardi 14 mai 2019 14:00<\/span><\/p>\n<\/div>\n<div id=\"post_core\" readability=\"48\">\n<p>Le club italien vient d\u2019annoncer le d\u00e9part de Daniele De Rossi apr\u00e8s 18 ans pass\u00e9s dans le club de la Louve. \u00ab\u00a0Pr\u00e8s de 18 ans apr\u00e8s ses d\u00e9buts avec la Roma contre Anderlecht, notre capitaine va porter le maillot giallorosso pour la derni\u00e8re fois contre Parme. Ce sera la fin d\u2019une \u00e8re.\u00a0\u00bb<\/p>\n<p>Le milieu de terrain international italien, champion du Monde en 2006 avec la Squadra Azzurra, a marqu\u00e9 l\u2019histoire de la Roma en disputant plus de 600 matches chez les pros en 18 ans au plus haut niveau. Selon Footmercato, \u00e0 35 ans, il devrait s\u2019offrir un ultime challenge du c\u00f4t\u00e9 des \u00c9tats-Unis, o\u00f9 la MLS est pr\u00eate \u00e0 l\u2019accueillir \u00e0 bras ouverts.<\/p>\n<p><strong>Publi\u00e9 dans :<\/strong> <span>AS Roma<\/span> <span>de rossi<\/span><\/p>\n<\/div>\n<p>Auteur:<br \/>\n<a href=\"http:\/\/www.lebuteur.com\/article\/detail?titre=la-roma-annonce-le-depart-de-daniele-de-rossi&#038;id=88797&#038;utm_source=feedburner&#038;utm_medium=feed&#038;utm_campaign=Feed%3A+GalerieFArtciles+%28Les+derniers+articles++-+lebuteur.com%29\">Cliquez ici pour lire l&rsquo;article depuis sa source.<\/a><\/p>\n","protected":false},"excerpt":{"rendered":"<p>Auteur : mardi 14 mai 2019 14:00 Le club italien vient d\u2019annoncer le d\u00e9part de Daniele De Rossi apr\u00e8s 18 ans pass\u00e9s dans le club de la Louve. \u00ab\u00a0Pr\u00e8s de 18 ans apr\u00e8s ses d\u00e9buts avec la Roma contre Anderlecht, notre capitaine va porter le maillot giallorosso pour la derni\u00e8re fois contre Parme. Ce sera [&hellip;]<\/p>\n","protected":false},"author":1738,"featured_media":34244,"comment_status":"closed","ping_status":"closed","sticky":false,"template":"","format":"standard","meta":{"fifu_image_url":"","fifu_image_alt":"","footnotes":""},"categories":[53,75],"tags":[],"class_list":["post-34243","post","type-post","status-publish","format-standard","has-post-thumbnail","hentry","category-algerie","category-sport"],"_links":{"self":[{"href":"https:\/\/linitiative.ca\/International\/wp-json\/wp\/v2\/posts\/34243","targetHints":{"allow":["GET"]}}],"collection":[{"href":"https:\/\/linitiative.ca\/International\/wp-json\/wp\/v2\/posts"}],"about":[{"href":"https:\/\/linitiative.ca\/International\/wp-json\/wp\/v2\/types\/post"}],"author":[{"embeddable":true,"href":"https:\/\/linitiative.ca\/International\/wp-json\/wp\/v2\/users\/1738"}],"replies":[{"embeddable":true,"href":"https:\/\/linitiative.ca\/International\/wp-json\/wp\/v2\/comments?post=34243"}],"version-history":[{"count":0,"href":"https:\/\/linitiative.ca\/International\/wp-json\/wp\/v2\/posts\/34243\/revisions"}],"wp:featuredmedia":[{"embeddable":true,"href":"https:\/\/linitiative.ca\/International\/wp-json\/"}],"wp:attachment":[{"href":"https:\/\/linitiative.ca\/International\/wp-json\/wp\/v2\/media?parent=34243"}],"wp:term":[{"taxonomy":"category","embeddable":true,"href":"https:\/\/linitiative.ca\/International\/wp-json\/wp\/v2\/categories?post=34243"},{"taxonomy":"post_tag","embeddable":true,"href":"https:\/\/linitiative.ca\/International\/wp-json\/wp\/v2\/tags?post=34243"}],"curies":[{"name":"wp","href":"https:\/\/api.w.org\/{rel}","templated":true}]}}