{"id":34245,"date":"2019-05-14T15:10:27","date_gmt":"2019-05-14T19:10:27","guid":{"rendered":"https:\/\/linitiative.ca\/International\/international-rennes-ben-arfa-sur-le-point-de-prendre-tout-le-monde-a-contre-pied\/"},"modified":"2019-05-14T15:10:27","modified_gmt":"2019-05-14T19:10:27","slug":"international-rennes-ben-arfa-sur-le-point-de-prendre-tout-le-monde-a-contre-pied","status":"publish","type":"post","link":"https:\/\/linitiative.ca\/International\/international-rennes-ben-arfa-sur-le-point-de-prendre-tout-le-monde-a-contre-pied\/","title":{"rendered":"International : Rennes : Ben Arfa sur le point de prendre tout le monde \u00e0 contre pied ?"},"content":{"rendered":"<div readability=\"32\">\n<p>Auteur : <span class=\"time\">mardi 14 mai 2019 14:06<\/span><\/p>\n<\/div>\n<div id=\"post_core\" readability=\"47\">\n<p>D\u00e8s lors, pour Ben Arfa, l\u2019id\u00e9e de rejoindre l\u2019Espagne, dont le football lui plait, pour un dernier gros d\u00e9fi \u00e0 32 ans fait son chemin. Surtout que son contrat avec Rennes se termine si personne n\u2019active l\u2019option, et qu\u2019il sera donc libre de son choix comme le souligne Foot01. Les deux clubs de S\u00e9ville, le B\u00e9tis et le FC, le suivent, sans plus pour le moment. Mais selon L\u2019Equipe, un coup de th\u00e9\u00e2tre n\u2019est pas \u00e0 exclure, puisqu\u2019Hatem Ben Arfa pourrait tr\u00e8s bien ne rien choisir et d\u00e9cider d\u2019arr\u00eater le football si jamais il ne trouvait aucune proposition \u00e0 son go\u00fbt. Il en est bien capable, lui qui est d\u00e9j\u00e0 rest\u00e9 un an et demi sans jouer alors qu\u2019il \u00e9tait au PSG, refusant toutes les portes de sortie pour rester en tribunes.<\/p>\n<p><strong>Publi\u00e9 dans :<\/strong> <span>RENNES<\/span><\/p>\n<\/div>\n<p>Auteur:<br \/>\n<a href=\"http:\/\/www.lebuteur.com\/article\/detail?titre=rennes-ben-arfa-sur-le-point-de-prendre-tout-le-monde-a-contre-pied&#038;id=88800&#038;utm_source=feedburner&#038;utm_medium=feed&#038;utm_campaign=Feed%3A+GalerieFArtciles+%28Les+derniers+articles++-+lebuteur.com%29\">Cliquez ici pour lire l&rsquo;article depuis sa source.<\/a><\/p>\n","protected":false},"excerpt":{"rendered":"<p>Auteur : mardi 14 mai 2019 14:06 D\u00e8s lors, pour Ben Arfa, l\u2019id\u00e9e de rejoindre l\u2019Espagne, dont le football lui plait, pour un dernier gros d\u00e9fi \u00e0 32 ans fait son chemin. Surtout que son contrat avec Rennes se termine si personne n\u2019active l\u2019option, et qu\u2019il sera donc libre de son choix comme le souligne [&hellip;]<\/p>\n","protected":false},"author":1738,"featured_media":34246,"comment_status":"closed","ping_status":"closed","sticky":false,"template":"","format":"standard","meta":{"fifu_image_url":"","fifu_image_alt":"","footnotes":""},"categories":[53,75],"tags":[],"class_list":["post-34245","post","type-post","status-publish","format-standard","has-post-thumbnail","hentry","category-algerie","category-sport"],"_links":{"self":[{"href":"https:\/\/linitiative.ca\/International\/wp-json\/wp\/v2\/posts\/34245","targetHints":{"allow":["GET"]}}],"collection":[{"href":"https:\/\/linitiative.ca\/International\/wp-json\/wp\/v2\/posts"}],"about":[{"href":"https:\/\/linitiative.ca\/International\/wp-json\/wp\/v2\/types\/post"}],"author":[{"embeddable":true,"href":"https:\/\/linitiative.ca\/International\/wp-json\/wp\/v2\/users\/1738"}],"replies":[{"embeddable":true,"href":"https:\/\/linitiative.ca\/International\/wp-json\/wp\/v2\/comments?post=34245"}],"version-history":[{"count":0,"href":"https:\/\/linitiative.ca\/International\/wp-json\/wp\/v2\/posts\/34245\/revisions"}],"wp:featuredmedia":[{"embeddable":true,"href":"https:\/\/linitiative.ca\/International\/wp-json\/"}],"wp:attachment":[{"href":"https:\/\/linitiative.ca\/International\/wp-json\/wp\/v2\/media?parent=34245"}],"wp:term":[{"taxonomy":"category","embeddable":true,"href":"https:\/\/linitiative.ca\/International\/wp-json\/wp\/v2\/categories?post=34245"},{"taxonomy":"post_tag","embeddable":true,"href":"https:\/\/linitiative.ca\/International\/wp-json\/wp\/v2\/tags?post=34245"}],"curies":[{"name":"wp","href":"https:\/\/api.w.org\/{rel}","templated":true}]}}