{"id":34247,"date":"2019-05-14T15:10:29","date_gmt":"2019-05-14T19:10:29","guid":{"rendered":"https:\/\/linitiative.ca\/International\/pros-man-city-voila-pourquoi-guardiola-a-fait-appel-a-mahrez-face-a-brighton\/"},"modified":"2019-05-14T15:10:29","modified_gmt":"2019-05-14T19:10:29","slug":"pros-man-city-voila-pourquoi-guardiola-a-fait-appel-a-mahrez-face-a-brighton","status":"publish","type":"post","link":"https:\/\/linitiative.ca\/International\/pros-man-city-voila-pourquoi-guardiola-a-fait-appel-a-mahrez-face-a-brighton\/","title":{"rendered":"Pros : Man City : Voila pourquoi Guardiola a fait appel \u00e0 Mahrez face \u00e0 Brighton"},"content":{"rendered":"<div readability=\"32\">\n<p>Auteur : <span class=\"time\">mardi 14 mai 2019 14:14<\/span><\/p>\n<\/div>\n<div id=\"post_core\" readability=\"37\">\n<p>Un choix qui s&rsquo;est av\u00e9r\u00e9 payant vu que l&rsquo;international alg\u00e9rien a grandement contribu\u00e9 \u00e0 la victoire 4-1 et donc au gain du titre de Premier League. Dans un entretien accord\u00e9 \u00e0 Sky Sports avant cette rencontre, l&rsquo;entraineur espagnol avait expliqu\u00e9 que la qualit\u00e9 de Mahrez, sa personnalit\u00e9 et son courage et ce qui avait motiv\u00e9 Guardiola \u00e0 le titulariser. Il a \u00e9galement ajout\u00e9 : \u00ab\u00a0Nous avons besoin de joueurs qui se d\u00e9brouillent bien dans les petits espaces et Riyad poss\u00e8de cette qualit\u00e9\u00a0\u00bb.<\/p>\n<p><strong>Publi\u00e9 dans :<\/strong> <span>Mahrez<\/span><\/p>\n<\/div>\n<p>Auteur:<br \/>\n<a href=\"http:\/\/www.lebuteur.com\/article\/detail?titre=man-city-voila-pourquoi-guardiola-a-fait-appel-a-mahrez-face-a-brighton&#038;id=88801&#038;utm_source=feedburner&#038;utm_medium=feed&#038;utm_campaign=Feed%3A+GalerieFArtciles+%28Les+derniers+articles++-+lebuteur.com%29\">Cliquez ici pour lire l&rsquo;article depuis sa source.<\/a><\/p>\n","protected":false},"excerpt":{"rendered":"<p>Auteur : mardi 14 mai 2019 14:14 Un choix qui s&rsquo;est av\u00e9r\u00e9 payant vu que l&rsquo;international alg\u00e9rien a grandement contribu\u00e9 \u00e0 la victoire 4-1 et donc au gain du titre de Premier League. Dans un entretien accord\u00e9 \u00e0 Sky Sports avant cette rencontre, l&rsquo;entraineur espagnol avait expliqu\u00e9 que la qualit\u00e9 de Mahrez, sa personnalit\u00e9 et [&hellip;]<\/p>\n","protected":false},"author":1738,"featured_media":34248,"comment_status":"closed","ping_status":"closed","sticky":false,"template":"","format":"standard","meta":{"fifu_image_url":"","fifu_image_alt":"","footnotes":""},"categories":[53,75],"tags":[],"class_list":["post-34247","post","type-post","status-publish","format-standard","has-post-thumbnail","hentry","category-algerie","category-sport"],"_links":{"self":[{"href":"https:\/\/linitiative.ca\/International\/wp-json\/wp\/v2\/posts\/34247","targetHints":{"allow":["GET"]}}],"collection":[{"href":"https:\/\/linitiative.ca\/International\/wp-json\/wp\/v2\/posts"}],"about":[{"href":"https:\/\/linitiative.ca\/International\/wp-json\/wp\/v2\/types\/post"}],"author":[{"embeddable":true,"href":"https:\/\/linitiative.ca\/International\/wp-json\/wp\/v2\/users\/1738"}],"replies":[{"embeddable":true,"href":"https:\/\/linitiative.ca\/International\/wp-json\/wp\/v2\/comments?post=34247"}],"version-history":[{"count":0,"href":"https:\/\/linitiative.ca\/International\/wp-json\/wp\/v2\/posts\/34247\/revisions"}],"wp:featuredmedia":[{"embeddable":true,"href":"https:\/\/linitiative.ca\/International\/wp-json\/"}],"wp:attachment":[{"href":"https:\/\/linitiative.ca\/International\/wp-json\/wp\/v2\/media?parent=34247"}],"wp:term":[{"taxonomy":"category","embeddable":true,"href":"https:\/\/linitiative.ca\/International\/wp-json\/wp\/v2\/categories?post=34247"},{"taxonomy":"post_tag","embeddable":true,"href":"https:\/\/linitiative.ca\/International\/wp-json\/wp\/v2\/tags?post=34247"}],"curies":[{"name":"wp","href":"https:\/\/api.w.org\/{rel}","templated":true}]}}