{"id":34251,"date":"2019-05-14T15:10:32","date_gmt":"2019-05-14T19:10:32","guid":{"rendered":"https:\/\/linitiative.ca\/International\/pros-galatasaray-feghouli-a-tranche-pour-son-avenir\/"},"modified":"2019-05-14T15:10:32","modified_gmt":"2019-05-14T19:10:32","slug":"pros-galatasaray-feghouli-a-tranche-pour-son-avenir","status":"publish","type":"post","link":"https:\/\/linitiative.ca\/International\/pros-galatasaray-feghouli-a-tranche-pour-son-avenir\/","title":{"rendered":"Pros : Galatasaray: Feghouli a tranch\u00e9 pour son avenir"},"content":{"rendered":"<div readability=\"32\">\n<p>Auteur : <span>Riad O.<\/span> <span class=\"time\">mardi 14 mai 2019 15:54<\/span><\/p>\n<\/div>\n<div id=\"post_core\" readability=\"42\">\n<p>\u00a0A en croire la presse turque, le joueur milieu de terrain Alg\u00e9rien de Galatasaray, Sofiane Feghouli serait tr\u00e8s chaud \u00e0 l\u2019id\u00e9e de poursuivre l\u2019aventure avec son team la saison prochaine. Convoit\u00e9 par plusieurs clubs tels que Schalke 04 et Al Hilal, Feghouli pr\u00f4ne la stabilit\u00e9, d\u2019autant plus que le club turc jouera la Ligue des champions la saison prochaine. Interrog\u00e9 \u00e0 ce sujet par Sporx, Feghouli dira\u00a0:\u00a0\u00abJe suis \u00e0 l\u2019aise au Galatasaray. Je ne vois donc aucune raison qui me pousse \u00e0 partir.\u00bb a-t-il d\u00e9clar\u00e9, avant d\u2019ajouter\u00a0:\u00a0\u00abJ&rsquo;ai re\u00e7u deux offres s\u00e9rieuses de transfert, mais je suis d\u00e9cid\u00e9 \u00e0 rester ici.\u00bb<\/p>\n<p><strong>Publi\u00e9 dans :<\/strong> <span>Feghouli<\/span><\/p>\n<\/div>\n<p>Auteur:<br \/>\n<a href=\"http:\/\/www.lebuteur.com\/article\/detail?titre=galatasaray-feghouli-a-tranche-pour-son-avenir&#038;id=88804&#038;utm_source=feedburner&#038;utm_medium=feed&#038;utm_campaign=Feed%3A+GalerieFArtciles+%28Les+derniers+articles++-+lebuteur.com%29\">Cliquez ici pour lire l&rsquo;article depuis sa source.<\/a><\/p>\n","protected":false},"excerpt":{"rendered":"<p>Auteur : Riad O. mardi 14 mai 2019 15:54 \u00a0A en croire la presse turque, le joueur milieu de terrain Alg\u00e9rien de Galatasaray, Sofiane Feghouli serait tr\u00e8s chaud \u00e0 l\u2019id\u00e9e de poursuivre l\u2019aventure avec son team la saison prochaine. Convoit\u00e9 par plusieurs clubs tels que Schalke 04 et Al Hilal, Feghouli pr\u00f4ne la stabilit\u00e9, d\u2019autant [&hellip;]<\/p>\n","protected":false},"author":1738,"featured_media":34252,"comment_status":"closed","ping_status":"closed","sticky":false,"template":"","format":"standard","meta":{"fifu_image_url":"","fifu_image_alt":"","footnotes":""},"categories":[53,75],"tags":[],"class_list":["post-34251","post","type-post","status-publish","format-standard","has-post-thumbnail","hentry","category-algerie","category-sport"],"_links":{"self":[{"href":"https:\/\/linitiative.ca\/International\/wp-json\/wp\/v2\/posts\/34251","targetHints":{"allow":["GET"]}}],"collection":[{"href":"https:\/\/linitiative.ca\/International\/wp-json\/wp\/v2\/posts"}],"about":[{"href":"https:\/\/linitiative.ca\/International\/wp-json\/wp\/v2\/types\/post"}],"author":[{"embeddable":true,"href":"https:\/\/linitiative.ca\/International\/wp-json\/wp\/v2\/users\/1738"}],"replies":[{"embeddable":true,"href":"https:\/\/linitiative.ca\/International\/wp-json\/wp\/v2\/comments?post=34251"}],"version-history":[{"count":0,"href":"https:\/\/linitiative.ca\/International\/wp-json\/wp\/v2\/posts\/34251\/revisions"}],"wp:featuredmedia":[{"embeddable":true,"href":"https:\/\/linitiative.ca\/International\/wp-json\/"}],"wp:attachment":[{"href":"https:\/\/linitiative.ca\/International\/wp-json\/wp\/v2\/media?parent=34251"}],"wp:term":[{"taxonomy":"category","embeddable":true,"href":"https:\/\/linitiative.ca\/International\/wp-json\/wp\/v2\/categories?post=34251"},{"taxonomy":"post_tag","embeddable":true,"href":"https:\/\/linitiative.ca\/International\/wp-json\/wp\/v2\/tags?post=34251"}],"curies":[{"name":"wp","href":"https:\/\/api.w.org\/{rel}","templated":true}]}}