{"id":34255,"date":"2019-05-14T15:10:37","date_gmt":"2019-05-14T19:10:37","guid":{"rendered":"https:\/\/linitiative.ca\/International\/pros-nice-repond-au-psg-pour-atal\/"},"modified":"2019-05-14T15:10:37","modified_gmt":"2019-05-14T19:10:37","slug":"pros-nice-repond-au-psg-pour-atal","status":"publish","type":"post","link":"https:\/\/linitiative.ca\/International\/pros-nice-repond-au-psg-pour-atal\/","title":{"rendered":"Pros : Nice r\u00e9pond au PSG pour Atal"},"content":{"rendered":"<div readability=\"32\">\n<p>Auteur : <span class=\"time\">mardi 14 mai 2019 16:19<\/span><\/p>\n<\/div>\n<div id=\"post_core\" readability=\"62\">\n<p>Le pr\u00e9sident de l&rsquo;OGC Nice, Gauthier Ganaye, a \u00e9voqu\u00e9 l&rsquo;avenir de Youcef Atal. L&rsquo;occasion pour le patron du Gym d&rsquo;envoyer un message aux courtisans du lat\u00e9ral droit ni\u00e7ois, dont fait partie le Paris Saint-Germain.<\/p>\n<p>Invit\u00e9 sur le plateau du Late Football Club de Canal+, le pr\u00e9sident ni\u00e7ois Gauthier Ganaye a \u00e9t\u00e9 interrog\u00e9 sur cet int\u00e9r\u00eat du PSG notamment. Et comme on l&rsquo;affirme du c\u00f4t\u00e9 du Gym depuis plusieurs semaines, le club azur\u00e9en n&rsquo;est toujours pas vendeur. \u00abIl y a beaucoup de marques d&rsquo;int\u00e9r\u00eat pour Youcef. C&rsquo;est un joueur qui est sous contrat, un long contrat (jusqu&rsquo;en 2023, ndlr), et qui ach\u00e8ve seulement sa premi\u00e8re saison \u00e0 l&rsquo;OGC Nice\u00bb a commenc\u00e9 le patron des Aiglons. \u00abOn parlait de d\u00e9veloppement de jeunes joueurs, et au club on pense tous que Youcef peut encore franchir un cap au sein de l&rsquo;OGC Nice\u00bb poursuit Ganaye, qui se verrait bien conserver Atal une ou deux saisons de plus. \u00ab\u00c9conomiquement \u00e7a a du sens puisqu&rsquo;on estime que Youcef a encore des \u00e9tapes \u00e0 franchir, mart\u00e8le-t-il. Le jour o\u00f9 il partira, il faut que ce soit dans un top club europ\u00e9en.\u00bb Et donc pour un prix encore plus \u00e9lev\u00e9.<\/p>\n<p>Cependant, on sait tr\u00e8s bien qu&rsquo;une tr\u00e8s grosse offre peut faire la diff\u00e9rence dans ce genre de dossier. \u00abIl part \u00e0 quel prix ? Aujourd&rsquo;hui, il ne part pas\u00bb , persiste Ganaye. Mais dans deux ou trois mois ? Ce n&rsquo;est pas parce qu&rsquo;un club ferme la porte en mai qu&rsquo;un joueur ne partira pas lors du mercato estival. Mais, on l&rsquo;aura compris, le PSG devra signer un tr\u00e8s gros ch\u00e8que pour faire changer d&rsquo;avis le Gym. Sans doute 40 millions d&rsquo;euros minimum pour un joueur \u00e9galement convoit\u00e9 par l&rsquo;Atletico Madrid, l&rsquo;Inter Milan et Naples. Reste \u00e0 savoir si le champion de France est pr\u00eat \u00e0 d\u00e9bourser une telle somme sur ce dossier rapporte Maxifoot.fr.<\/p>\n<p><strong>Publi\u00e9 dans :<\/strong> <span>Atal<\/span><\/p>\n<\/div>\n<p>Auteur:<br \/>\n<a href=\"http:\/\/www.lebuteur.com\/article\/detail?titre=nice-repond-au-psg-pour-atal&#038;id=88805&#038;utm_source=feedburner&#038;utm_medium=feed&#038;utm_campaign=Feed%3A+GalerieFArtciles+%28Les+derniers+articles++-+lebuteur.com%29\">Cliquez ici pour lire l&rsquo;article depuis sa source.<\/a><\/p>\n","protected":false},"excerpt":{"rendered":"<p>Auteur : mardi 14 mai 2019 16:19 Le pr\u00e9sident de l&rsquo;OGC Nice, Gauthier Ganaye, a \u00e9voqu\u00e9 l&rsquo;avenir de Youcef Atal. L&rsquo;occasion pour le patron du Gym d&rsquo;envoyer un message aux courtisans du lat\u00e9ral droit ni\u00e7ois, dont fait partie le Paris Saint-Germain. Invit\u00e9 sur le plateau du Late Football Club de Canal+, le pr\u00e9sident ni\u00e7ois Gauthier [&hellip;]<\/p>\n","protected":false},"author":1738,"featured_media":34256,"comment_status":"closed","ping_status":"closed","sticky":false,"template":"","format":"standard","meta":{"fifu_image_url":"","fifu_image_alt":"","footnotes":""},"categories":[53,75],"tags":[],"class_list":["post-34255","post","type-post","status-publish","format-standard","has-post-thumbnail","hentry","category-algerie","category-sport"],"_links":{"self":[{"href":"https:\/\/linitiative.ca\/International\/wp-json\/wp\/v2\/posts\/34255","targetHints":{"allow":["GET"]}}],"collection":[{"href":"https:\/\/linitiative.ca\/International\/wp-json\/wp\/v2\/posts"}],"about":[{"href":"https:\/\/linitiative.ca\/International\/wp-json\/wp\/v2\/types\/post"}],"author":[{"embeddable":true,"href":"https:\/\/linitiative.ca\/International\/wp-json\/wp\/v2\/users\/1738"}],"replies":[{"embeddable":true,"href":"https:\/\/linitiative.ca\/International\/wp-json\/wp\/v2\/comments?post=34255"}],"version-history":[{"count":0,"href":"https:\/\/linitiative.ca\/International\/wp-json\/wp\/v2\/posts\/34255\/revisions"}],"wp:featuredmedia":[{"embeddable":true,"href":"https:\/\/linitiative.ca\/International\/wp-json\/"}],"wp:attachment":[{"href":"https:\/\/linitiative.ca\/International\/wp-json\/wp\/v2\/media?parent=34255"}],"wp:term":[{"taxonomy":"category","embeddable":true,"href":"https:\/\/linitiative.ca\/International\/wp-json\/wp\/v2\/categories?post=34255"},{"taxonomy":"post_tag","embeddable":true,"href":"https:\/\/linitiative.ca\/International\/wp-json\/wp\/v2\/tags?post=34255"}],"curies":[{"name":"wp","href":"https:\/\/api.w.org\/{rel}","templated":true}]}}