{"id":34257,"date":"2019-05-14T15:10:40","date_gmt":"2019-05-14T19:10:40","guid":{"rendered":"https:\/\/linitiative.ca\/International\/international-naples-de-laurentiis-ronaldo-a-remplace-lentraineur\/"},"modified":"2019-05-14T15:10:40","modified_gmt":"2019-05-14T19:10:40","slug":"international-naples-de-laurentiis-ronaldo-a-remplace-lentraineur","status":"publish","type":"post","link":"https:\/\/linitiative.ca\/International\/international-naples-de-laurentiis-ronaldo-a-remplace-lentraineur\/","title":{"rendered":"International : Naples &#8211; De Laurentiis : \u00ab\u00a0Ronaldo a remplac\u00e9 l&rsquo;entraineur\u00a0\u00bb"},"content":{"rendered":"<div readability=\"32\">\n<p>Auteur : <span class=\"time\">mardi 14 mai 2019 18:48<\/span><\/p>\n<\/div>\n<div id=\"post_core\" readability=\"43\">\n<p>Pr\u00e9sent lors d\u2019un forum du Corriere dello Sport, le pr\u00e9sident du Napoli s\u2019est exprim\u00e9 sur Cristiano Ronaldo. Impressionn\u00e9 par le Lusitanien, Aurelio De Laurentiis a mis en avant ses qualit\u00e9s de leadership :<\/p>\n<p>\u00ab\u00a0Cristiano Ronaldo est fort parce qu\u2019il a remplac\u00e9 l\u2019entra\u00eeneur dans ce championnat par sa seule pr\u00e9sence [&#8230;] Le v\u00e9ritable facteur de motivation est Ronaldo. Il est l\u2019homme du vestiaire. Quand je l\u2019ai vu jouer avec son \u00e9quipe nationale, il \u00e9tait assis sur le banc, il guidait (les joueurs ndlr) et criait plus que l\u2019entra\u00eeneur pour la faire gagner. \u00a0\u00bb Des propos relay\u00e9s par Footmercato.<\/p>\n<p><strong>Publi\u00e9 dans :<\/strong> <span>juventus<\/span><\/p>\n<\/div>\n<p>Auteur:<br \/>\n<a href=\"http:\/\/www.lebuteur.com\/article\/detail?titre=naples-de-laurentiis-ronaldo-a-remplace-lentraineur&#038;id=88806&#038;utm_source=feedburner&#038;utm_medium=feed&#038;utm_campaign=Feed%3A+GalerieFArtciles+%28Les+derniers+articles++-+lebuteur.com%29\">Cliquez ici pour lire l&rsquo;article depuis sa source.<\/a><\/p>\n","protected":false},"excerpt":{"rendered":"<p>Auteur : mardi 14 mai 2019 18:48 Pr\u00e9sent lors d\u2019un forum du Corriere dello Sport, le pr\u00e9sident du Napoli s\u2019est exprim\u00e9 sur Cristiano Ronaldo. Impressionn\u00e9 par le Lusitanien, Aurelio De Laurentiis a mis en avant ses qualit\u00e9s de leadership : \u00ab\u00a0Cristiano Ronaldo est fort parce qu\u2019il a remplac\u00e9 l\u2019entra\u00eeneur dans ce championnat par sa seule [&hellip;]<\/p>\n","protected":false},"author":1738,"featured_media":34258,"comment_status":"closed","ping_status":"closed","sticky":false,"template":"","format":"standard","meta":{"fifu_image_url":"","fifu_image_alt":"","footnotes":""},"categories":[53,75],"tags":[],"class_list":["post-34257","post","type-post","status-publish","format-standard","has-post-thumbnail","hentry","category-algerie","category-sport"],"_links":{"self":[{"href":"https:\/\/linitiative.ca\/International\/wp-json\/wp\/v2\/posts\/34257","targetHints":{"allow":["GET"]}}],"collection":[{"href":"https:\/\/linitiative.ca\/International\/wp-json\/wp\/v2\/posts"}],"about":[{"href":"https:\/\/linitiative.ca\/International\/wp-json\/wp\/v2\/types\/post"}],"author":[{"embeddable":true,"href":"https:\/\/linitiative.ca\/International\/wp-json\/wp\/v2\/users\/1738"}],"replies":[{"embeddable":true,"href":"https:\/\/linitiative.ca\/International\/wp-json\/wp\/v2\/comments?post=34257"}],"version-history":[{"count":0,"href":"https:\/\/linitiative.ca\/International\/wp-json\/wp\/v2\/posts\/34257\/revisions"}],"wp:featuredmedia":[{"embeddable":true,"href":"https:\/\/linitiative.ca\/International\/wp-json\/"}],"wp:attachment":[{"href":"https:\/\/linitiative.ca\/International\/wp-json\/wp\/v2\/media?parent=34257"}],"wp:term":[{"taxonomy":"category","embeddable":true,"href":"https:\/\/linitiative.ca\/International\/wp-json\/wp\/v2\/categories?post=34257"},{"taxonomy":"post_tag","embeddable":true,"href":"https:\/\/linitiative.ca\/International\/wp-json\/wp\/v2\/tags?post=34257"}],"curies":[{"name":"wp","href":"https:\/\/api.w.org\/{rel}","templated":true}]}}