{"id":34259,"date":"2019-05-13T19:00:00","date_gmt":"2019-05-13T23:00:00","guid":{"rendered":"https:\/\/linitiative.ca\/International\/setif-riche-eventail-au-programme\/"},"modified":"2019-05-13T19:00:00","modified_gmt":"2019-05-13T23:00:00","slug":"setif-riche-eventail-au-programme","status":"publish","type":"post","link":"https:\/\/linitiative.ca\/International\/setif-riche-eventail-au-programme\/","title":{"rendered":"S\u00e9TIF :  Riche \u00e9ventail au programme"},"content":{"rendered":"<p>C\u2019est un programme culturel aussi riche que vari\u00e9 qui a \u00e9t\u00e9 mis en \u0153uvre durant le mois de Ramadhan par la direction de la culture de la wilaya de S\u00e9tif.\u00a0<\/p>\n<div readability=\"84\">\n<p>Une grande satisfaction pour les familles qui ont investi durant cette premi\u00e8re semaine les espaces de la maison de culture Houari-Boumediene et appr\u00e9ci\u00e9, \u00e0 la dimension qu\u2019ils m\u00e9ritaient, tous ces spectacles, conf\u00e9rences ou prestations th\u00e9\u00e2trales qui occupaient \u00e9galement une place de choix dans de nombreuses communes de la wilaya.<\/p>\n<p>Des prestations d\u2019autant plus int\u00e9ressantes qu\u2019elles s\u2019inscrivent dans une dynamique marqu\u00e9e par cette remarquable symbiose entre des formations locales et d\u2019autres venues de diff\u00e9rents coins du pays pour animer ces soir\u00e9es avec souvent,\u00a0 cerise sur le g\u00e2teau, des artistes de renomm\u00e9e qui se produiront sur la grande sc\u00e8ne de la maison de la culture \u00e0 l\u2019initiative de cette entit\u00e9 en coordination avec l\u2019ONCI et le CNCA pour d\u2019autres activit\u00e9s non moins importantes.<\/p>\n<p>Si donc pour la premi\u00e8re semaine du mois de Ramadhan pas moins de 10 pi\u00e8ces th\u00e9\u00e2trales, anim\u00e9es notamment par les coop\u00e9ratives \u00abOuyoun Ethagafa\u00bb, \u00abTaftika\u00bb,\u00a0 \u00abOuchag el Khachaba ethagafia\u00bb ainsi que les associations culturelles \u00abKaza\u00bb, \u00abIbtisama\u00bb et \u00abSirol\u00bb se sont produites avec succ\u00e8s dans un climat de joie dans les grandes villes mais aussi des agglom\u00e9rations \u00e9loign\u00e9es, le reste \u00e0 venir en mati\u00e8re du 4e art\u00a0 avec au menu pas moins de 32 autres pi\u00e8ces qui doivent toucher autant de localit\u00e9s, conf\u00e8rent \u00e0 l\u2019activit\u00e9 th\u00e9\u00e2trale une place de choix dans cette d\u00e9marche de proximit\u00e9.\u00a0<\/p>\n<p>Dans cette dynamique culturelle, les soir\u00e9es intitul\u00e9es \u00ab Layali el Andalous \u00bb, du cha\u00e2bi et de la chanson kabyle seront marqu\u00e9es cette ann\u00e9e par 7 galas qui toucheront, entre le 11et le 28 de ce mois, autant de localit\u00e9s, \u00e0 l\u2019instar des chefs-lieux de communes de Bir Hadada, Hamam Guergour, Guelta Zerga, Ain Legradj, Genzet, Babor et Beni Mohli et seront anim\u00e9es par les associations \u00abLayali el Andalous\u00bb, \u00ab Erouchd Ethagafi\u00bb, Nabil Mebarkia, Hamza Ayoub, Mokrane Oufela, Farid Zerouki et Salah Bouaziz.\u00a0<\/p>\n<p>14 soir\u00e9es \u00e0 la maison de la Culture<\/p>\n<p>\u00a0Un programme orient\u00e9 vers les communes et qui consacre \u00e9galement pour le volet \u00ab Inchad \u00bb et les \u00ab Madaih Edinia \u00bb une part privil\u00e9gi\u00e9e, sachant que du 18 au 31 mai, pas moins de 12 soir\u00e9es du genre seront au menu \u00e0 Bouga\u00e2, Hamam Sokhna, Tizi n\u2019Bechar, Salah Bey, Ain Arnet, Ouled Tebben, Maoklane, Guedjel, Ain Oulmene, El Eulma et Bir Larch avec la contribution de plusieurs associations et autres formations de wilaya. Tout un plateau qui est d\u00e9j\u00e0 mis en exergue au niveau de la maison de la culture Houari-Boumediene par 14 pi\u00e8ces th\u00e9\u00e2trales et des soir\u00e9es artistiques de haute facture qu\u2019ont d\u00e9j\u00e0 commenc\u00e9 \u00e0 animer, depuis le 8 de ce mois, Mustapha Boutchiche avec une chanson cha\u00e2bi qui est parvenue \u00e0 se frayer le chemin du succ\u00e8s \u00e0 S\u00e9tif et une pi\u00e8ce th\u00e9\u00e2trale intitul\u00e9e \u00abNass Eleil\u00bb du th\u00e9\u00e2tre r\u00e9gional de Skikda dans le cadre d\u2019un programme de 14 soir\u00e9es qui se poursuivra jusqu\u2019au premier juin, avec la participation de grandes formations de Biskra, S\u00e9tif, Constantine et B\u00e9jaia pour la th\u00e9\u00e2tre et plusieurs autres formations musicales. Pour ce dernier volet, Zine Eddine Boucha\u00e2la dans le style \u00abAissaoua\u00bb, Abdelkader Chaou, Mourad Dja\u00e2fri et Nabil Mebarkia pour le Cha\u00e2bi, Dib Layachi pour le Malouf avec deux soir\u00e9es organis\u00e9es par l\u2019ONCI seront quelques grandes affiches de\u00a0 la maison de la culture.\u00a0<\/p>\n<p>le th\u00e9\u00e2tre r\u00e9gional d\u2019El Eulma ne sera pas, lui aussi, au abonn\u00e9s absents puisqu\u2019il a commenc\u00e9 \u00e0 se distinguer par 17 soir\u00e9es th\u00e9\u00e2trales qui s\u2019\u00e9taleront entre le 10 mai et le 2 juin sous l\u2019\u00e9gide de la direction de la culture qui programme aussi 6 conf\u00e9rences.\u00a0<\/p>\n<p>\u00a0F . Zoghbi\u00a0 \u00a0 \u00a0 \u00a0<\/p>\n<\/div>\n<p>Auteur: elmoudjahid<br \/>\n<a href=\"http:\/\/www.elmoudjahid.com\/fr\/actualites\/136867\">Cliquez ici pour lire l&rsquo;article depuis sa source.<\/a><\/p>\n","protected":false},"excerpt":{"rendered":"<p>C\u2019est un programme culturel aussi riche que vari\u00e9 qui a \u00e9t\u00e9 mis en \u0153uvre durant le mois de Ramadhan par la direction de la culture de la wilaya de S\u00e9tif.\u00a0 Une grande satisfaction pour les familles qui ont investi durant cette premi\u00e8re semaine les espaces de la maison de culture Houari-Boumediene et appr\u00e9ci\u00e9, \u00e0 la [&hellip;]<\/p>\n","protected":false},"author":1744,"featured_media":0,"comment_status":"closed","ping_status":"closed","sticky":false,"template":"","format":"standard","meta":{"fifu_image_url":"","fifu_image_alt":"","footnotes":""},"categories":[73,53],"tags":[],"class_list":["post-34259","post","type-post","status-publish","format-standard","hentry","category-actualite","category-algerie"],"_links":{"self":[{"href":"https:\/\/linitiative.ca\/International\/wp-json\/wp\/v2\/posts\/34259","targetHints":{"allow":["GET"]}}],"collection":[{"href":"https:\/\/linitiative.ca\/International\/wp-json\/wp\/v2\/posts"}],"about":[{"href":"https:\/\/linitiative.ca\/International\/wp-json\/wp\/v2\/types\/post"}],"author":[{"embeddable":true,"href":"https:\/\/linitiative.ca\/International\/wp-json\/wp\/v2\/users\/1744"}],"replies":[{"embeddable":true,"href":"https:\/\/linitiative.ca\/International\/wp-json\/wp\/v2\/comments?post=34259"}],"version-history":[{"count":0,"href":"https:\/\/linitiative.ca\/International\/wp-json\/wp\/v2\/posts\/34259\/revisions"}],"wp:attachment":[{"href":"https:\/\/linitiative.ca\/International\/wp-json\/wp\/v2\/media?parent=34259"}],"wp:term":[{"taxonomy":"category","embeddable":true,"href":"https:\/\/linitiative.ca\/International\/wp-json\/wp\/v2\/categories?post=34259"},{"taxonomy":"post_tag","embeddable":true,"href":"https:\/\/linitiative.ca\/International\/wp-json\/wp\/v2\/tags?post=34259"}],"curies":[{"name":"wp","href":"https:\/\/api.w.org\/{rel}","templated":true}]}}