{"id":34260,"date":"2019-05-13T19:00:00","date_gmt":"2019-05-13T23:00:00","guid":{"rendered":"https:\/\/linitiative.ca\/International\/cercle-frantz-fanon-de-loffice-riadh-el-feth-sur-les-pas-de-racim\/"},"modified":"2019-05-13T19:00:00","modified_gmt":"2019-05-13T23:00:00","slug":"cercle-frantz-fanon-de-loffice-riadh-el-feth-sur-les-pas-de-racim","status":"publish","type":"post","link":"https:\/\/linitiative.ca\/International\/cercle-frantz-fanon-de-loffice-riadh-el-feth-sur-les-pas-de-racim\/","title":{"rendered":"Cercle Frantz-Fanon  de l\u2019Office Riadh El-Feth :  \u00ab Sur les pas de Racim \u00bb"},"content":{"rendered":"<p>\u00abSur les pas de Racim\u00bb, tel est le th\u00e8me choisi pour une exposition collective d\u2019\u0153uvres de miniatures et d\u2019enluminures et de calligraphie d\u2019une quinzaine d\u2019artistes affirm\u00e9s sur la sc\u00e8ne de l\u2019art d\u00e9coratif et sp\u00e9cialis\u00e9s dans la miniature et l\u2019enluminure, qui se tient au Cercle Frantz-Fanon de l\u2019Office Riadh El Feth (ORF), et ce jusqu\u2019au 30 du mois en cours. Plusieurs tableaux ornent les cimaises de cette salle, pour un rendez-vous marqu\u00e9 \u00e0 l\u2019occasion du mois du patrimoine et dans le cadre des activit\u00e9s de l\u2019OREF pour le mois sacr\u00e9.\u00a0<\/p>\n<p>Cette exposition collective de miniatures, dont le vernissage a eu lieu jeudi dernier, est une initiative de l\u2019OREF, qui a r\u00e9uni une quinzaine d\u2019artistes-peintres et ce \u00abSur les traces de Racim\u00bb. Il s\u2019agit de Samira Moudjoub, Hadjira Louhab, Mohamed Benmeiza, Bachira Feroudj, Samia Benmouhoub, Amel Dhifallah, Kamel Mohamedi, Leila Bouzidi, Ryma Benkahla, Farida Bach Sayes, Hadjira Bougrina et Baya Zemouch ainsi que Leila Guermaz, qui exposent une cinquantaine d\u2019\u0153uvres de diff\u00e9rents formats et de couleurs. on y trouve miniature et enluminure, calligraphie arabe et d\u00e9coration sur bois et c\u00e9ramique. Et ce en hommage au ma\u00eetre de l\u2019art appliqu\u00e9 Mohamed Racim, qui demeure \u00e0 jamais le ma\u00eetre de la miniature et de l\u2019enluminure et qui constitue jusqu\u2019\u00e0 pr\u00e9sent une in\u00e9puisable source d\u2019inspiration pour les jeunes et moins jeunes talents. Cet art minutieux exige beaucoup de patience, de talent et de ma\u00eetrise technique.\u00a0<\/p>\n<p>Repr\u00e9sentatif du patrimoine alg\u00e9rien, chaque miniaturiste, enluminure et d\u00e9corateur tente de se distinguer par son propre style, toute en conservant un r\u00e9pertoire de style arabo-musulman d\u2019ornementation authentique. Les artistes plasticiens pr\u00e9sentent dans l\u2019espace du Cercle Frantz-Fanon leurs derni\u00e8res r\u00e9alisations au public. Des r\u00e9alisations qui convoquent les silhouettes hi\u00e9ratiques puis\u00e9es des sc\u00e8nes de ses anc\u00eatres par d\u2019\u00e9difiantes et douces l\u00e9gendes. Elles s\u2019emploient \u00e0 revisiter un cosmos compos\u00e9 de sc\u00e8nes de la vie courante dans les terrasses, patios enchanteurs et palais somptueux. Ces cr\u00e9ations, sur divers th\u00e8mes, sont \u00e0 contempler au Cercle Frantz-Fanon \u00e0 Riad El Feth de 10h30 \u00e0 16h00 et le soir de 22h30 \u00e0 00h00 et ce, jusqu\u2019au 30 mai prochain.<\/p>\n<p><strong>Sihem Oubraham<\/strong><\/p>\n<p>Auteur: elmoudjahid<br \/>\n<a href=\"http:\/\/www.elmoudjahid.com\/fr\/actualites\/136868\">Cliquez ici pour lire l&rsquo;article depuis sa source.<\/a><\/p>\n","protected":false},"excerpt":{"rendered":"<p>\u00abSur les pas de Racim\u00bb, tel est le th\u00e8me choisi pour une exposition collective d\u2019\u0153uvres de miniatures et d\u2019enluminures et de calligraphie d\u2019une quinzaine d\u2019artistes affirm\u00e9s sur la sc\u00e8ne de l\u2019art d\u00e9coratif et sp\u00e9cialis\u00e9s dans la miniature et l\u2019enluminure, qui se tient au Cercle Frantz-Fanon de l\u2019Office Riadh El Feth (ORF), et ce jusqu\u2019au 30 [&hellip;]<\/p>\n","protected":false},"author":1744,"featured_media":0,"comment_status":"closed","ping_status":"closed","sticky":false,"template":"","format":"standard","meta":{"fifu_image_url":"","fifu_image_alt":"","footnotes":""},"categories":[73,53],"tags":[],"class_list":["post-34260","post","type-post","status-publish","format-standard","hentry","category-actualite","category-algerie"],"_links":{"self":[{"href":"https:\/\/linitiative.ca\/International\/wp-json\/wp\/v2\/posts\/34260","targetHints":{"allow":["GET"]}}],"collection":[{"href":"https:\/\/linitiative.ca\/International\/wp-json\/wp\/v2\/posts"}],"about":[{"href":"https:\/\/linitiative.ca\/International\/wp-json\/wp\/v2\/types\/post"}],"author":[{"embeddable":true,"href":"https:\/\/linitiative.ca\/International\/wp-json\/wp\/v2\/users\/1744"}],"replies":[{"embeddable":true,"href":"https:\/\/linitiative.ca\/International\/wp-json\/wp\/v2\/comments?post=34260"}],"version-history":[{"count":0,"href":"https:\/\/linitiative.ca\/International\/wp-json\/wp\/v2\/posts\/34260\/revisions"}],"wp:attachment":[{"href":"https:\/\/linitiative.ca\/International\/wp-json\/wp\/v2\/media?parent=34260"}],"wp:term":[{"taxonomy":"category","embeddable":true,"href":"https:\/\/linitiative.ca\/International\/wp-json\/wp\/v2\/categories?post=34260"},{"taxonomy":"post_tag","embeddable":true,"href":"https:\/\/linitiative.ca\/International\/wp-json\/wp\/v2\/tags?post=34260"}],"curies":[{"name":"wp","href":"https:\/\/api.w.org\/{rel}","templated":true}]}}