{"id":34261,"date":"2019-05-13T19:00:00","date_gmt":"2019-05-13T23:00:00","guid":{"rendered":"https:\/\/linitiative.ca\/International\/lentrefilet-quelle-liberte\/"},"modified":"2019-05-13T19:00:00","modified_gmt":"2019-05-13T23:00:00","slug":"lentrefilet-quelle-liberte","status":"publish","type":"post","link":"https:\/\/linitiative.ca\/International\/lentrefilet-quelle-liberte\/","title":{"rendered":"L\u2019ENTREFILET : Quelle libert\u00e9 ?"},"content":{"rendered":"<p>Tout un pan, et pas des moindres, des t\u00e9l\u00e9spectateurs nationaux, tr\u00e8s d\u00e9\u00e7us par le contenu des programmes servis par les cha\u00eenes dites nationales, zappent juste apr\u00e8s el adhan sur les satellites \u00e9trangers. La raison rel\u00e8ve de la qualit\u00e9 du contenu qui persiste \u00e0 patauger dans la m\u00e9diocrit\u00e9 et le bricolage. Tant d\u00e9cri\u00e9es, ces cha\u00eenes n\u2019ont fait aucun effort pour am\u00e9liorer, ou du moins, \u00e9lever le niveau de leurs productions. Et, \u00e0 d\u00e9faut d\u2019un travail de r\u00e9gulation, une majorit\u00e9 d\u2019Alg\u00e9riens subit ce diktat jusque dans leurs salons. Dommage.<\/p>\n<p>Parmi les r\u00e9actions hostiles \u00e0 ces \u0153uvres anti-culturelles, des citoyens d\u2019Oran ont publi\u00e9 sur la page \u00abOranNews 31\u00bb un communiqu\u00e9 d\u00e9non\u00e7ant, entre autres, la diffusion de la s\u00e9rie \u00abOulad lahlal\u00bb sur Echorouk Tv qui, selon eux, donne une image d\u00e9gradante d\u2019El Bahia. L\u2019indignation a pris de l\u2019ampleur au fil des soir\u00e9es de ramadhan et les oranais ne supportent plus d\u2019assister \u00e0 cette campagne de d\u00e9nigrement qui pr\u00e9sente leur ville comme foyer de d\u00e9bauche en tous genres.<\/p>\n<p>Malheureusement, avec la multiplicit\u00e9 et la diversit\u00e9 des cha\u00eenes de t\u00e9l\u00e9vision priv\u00e9es, nous nous attendions \u00e0 une rude concurrence vers la qualit\u00e9, mais nous assistons, impuissants, \u00e0 une d\u00e9liquescence de ce m\u00e9tier en perp\u00e9tuelle renouvellement sous d\u2019autres cieux. Comme quoi, la libert\u00e9 donn\u00e9e, acquise ou arrach\u00e9e ne sied pas \u00e0 tout le monde, apparemment.<\/p>\n<p><strong>Kamel Morsli<\/strong><\/p>\n<p>Auteur: elmoudjahid<br \/>\n<a href=\"http:\/\/www.elmoudjahid.com\/fr\/actualites\/136869\">Cliquez ici pour lire l&rsquo;article depuis sa source.<\/a><\/p>\n","protected":false},"excerpt":{"rendered":"<p>Tout un pan, et pas des moindres, des t\u00e9l\u00e9spectateurs nationaux, tr\u00e8s d\u00e9\u00e7us par le contenu des programmes servis par les cha\u00eenes dites nationales, zappent juste apr\u00e8s el adhan sur les satellites \u00e9trangers. La raison rel\u00e8ve de la qualit\u00e9 du contenu qui persiste \u00e0 patauger dans la m\u00e9diocrit\u00e9 et le bricolage. Tant d\u00e9cri\u00e9es, ces cha\u00eenes n\u2019ont [&hellip;]<\/p>\n","protected":false},"author":1744,"featured_media":0,"comment_status":"closed","ping_status":"closed","sticky":false,"template":"","format":"standard","meta":{"fifu_image_url":"","fifu_image_alt":"","footnotes":""},"categories":[73,53],"tags":[],"class_list":["post-34261","post","type-post","status-publish","format-standard","hentry","category-actualite","category-algerie"],"_links":{"self":[{"href":"https:\/\/linitiative.ca\/International\/wp-json\/wp\/v2\/posts\/34261","targetHints":{"allow":["GET"]}}],"collection":[{"href":"https:\/\/linitiative.ca\/International\/wp-json\/wp\/v2\/posts"}],"about":[{"href":"https:\/\/linitiative.ca\/International\/wp-json\/wp\/v2\/types\/post"}],"author":[{"embeddable":true,"href":"https:\/\/linitiative.ca\/International\/wp-json\/wp\/v2\/users\/1744"}],"replies":[{"embeddable":true,"href":"https:\/\/linitiative.ca\/International\/wp-json\/wp\/v2\/comments?post=34261"}],"version-history":[{"count":0,"href":"https:\/\/linitiative.ca\/International\/wp-json\/wp\/v2\/posts\/34261\/revisions"}],"wp:attachment":[{"href":"https:\/\/linitiative.ca\/International\/wp-json\/wp\/v2\/media?parent=34261"}],"wp:term":[{"taxonomy":"category","embeddable":true,"href":"https:\/\/linitiative.ca\/International\/wp-json\/wp\/v2\/categories?post=34261"},{"taxonomy":"post_tag","embeddable":true,"href":"https:\/\/linitiative.ca\/International\/wp-json\/wp\/v2\/tags?post=34261"}],"curies":[{"name":"wp","href":"https:\/\/api.w.org\/{rel}","templated":true}]}}