{"id":34265,"date":"2019-05-13T19:00:00","date_gmt":"2019-05-13T23:00:00","guid":{"rendered":"https:\/\/linitiative.ca\/International\/titulaire-passeur-et-buteur-lors-du-match-du-sacre-avec-man-city\/"},"modified":"2019-05-13T19:00:00","modified_gmt":"2019-05-13T23:00:00","slug":"titulaire-passeur-et-buteur-lors-du-match-du-sacre-avec-man-city","status":"publish","type":"post","link":"https:\/\/linitiative.ca\/International\/titulaire-passeur-et-buteur-lors-du-match-du-sacre-avec-man-city\/","title":{"rendered":"Titulaire, passeur et buteur lors du match du sacre avec Man City"},"content":{"rendered":"<p>Riyad Mahrez a fini la saison en apoth\u00e9ose. Titulaire, passeur et buteur face \u00e0 Brighton, dans le match le plus important de la saison, l\u2019Alg\u00e9rien aura contribu\u00e9 activement \u00e0 la cons\u00e9cration des siens en Premier League.\u00a0<\/p>\n<div readability=\"24\">\n<p>Pour un joueur qui n\u2019a fait que cirer le banc depuis janvier, la saison s\u2019ach\u00e8ve sur un happy end ! C\u2019est sans aucun doute la surprise de Pep Guardiola lors du d\u00e9placement de Manchester City sur le terrain de Brighton pour la derni\u00e8re journ\u00e9e de la Premier League qui allait \u00eatre d\u00e9cisive pour les Citizens. Ces derniers avaient besoin en effet de gagner pour s\u2019assurer de conserver leur couronne de champions. Rarement utilis\u00e9 depuis le mois de janvier, Riyad Mahrez a \u00e9t\u00e9 titularis\u00e9. Une marque de confiance manifeste de la part de son entra\u00eeneur qui lui a \u00aboffert\u00bb l\u2019occasion de terminer la saison sur un coup d\u2019\u00e9clat.\u00a0<\/p>\n<p>Une gestion \u00abhumaine\u00bb exemplaire de la part du manager portugais qui voulait, par ce choix, envoyer un message fort \u00e0 Riyad Mahrez selon lequel il demeure un joueur important sur qui il comptera la saison prochaine. Le moins que l\u2019on puisse dire, c\u2019est que Riyad Mahrez n\u2019a pas d\u00e9\u00e7u. D\u2019abord passeur d\u00e9cisif sur le but \u00e9galisateur des siens, l\u2019Alg\u00e9rien r\u00e9ussira \u00e0 porter l\u2019estocade d\u2019un superbe but qui assure \u00e0 City un deuxi\u00e8me titre de champion d\u2019affil\u00e9e. C\u2019est aussi le deuxi\u00e8me pour Riyad Mahrez d\u00e9j\u00e0 sacr\u00e9 en 2016 avec Leicester City. Riyad Mahrez aura l\u2019opportunit\u00e9 d\u2019ajouter une autre ligne \u00e0 son CV dans quatre jours \u00e0 l\u2019occasion de la FA Cup face \u00e0 Watford \u00e0 Wembley. Une autre occasion pour confirmer sa bonne forme en cette fin de saison. Ce sera aussi une sorte de dernier coup pour la route\u2026du Caire o\u00f9 le Fennec sera appel\u00e9 \u00e0 disputer, le mois de juin prochain, la CAN avec l\u2019Alg\u00e9rie. En tous les cas, Mahrez a toutes les raisons d\u2019arriver en camp d\u2019entra\u00eenement des Verts la fin du mois dans les meilleures dispositions apr\u00e8s avoir fait l\u2019objet de multiples pol\u00e9miques sur son statut et son avenir \u00e0 City. D\u00e9sormais le d\u00e9bat est clos et de fort belle mani\u00e8re\u2026<\/p>\n<p>Amar B.<\/p>\n<\/div>\n<p>Auteur: elmoudjahid<br \/>\n<a href=\"http:\/\/www.elmoudjahid.com\/fr\/actualites\/136873\">Cliquez ici pour lire l&rsquo;article depuis sa source.<\/a><\/p>\n","protected":false},"excerpt":{"rendered":"<p>Riyad Mahrez a fini la saison en apoth\u00e9ose. Titulaire, passeur et buteur face \u00e0 Brighton, dans le match le plus important de la saison, l\u2019Alg\u00e9rien aura contribu\u00e9 activement \u00e0 la cons\u00e9cration des siens en Premier League.\u00a0 Pour un joueur qui n\u2019a fait que cirer le banc depuis janvier, la saison s\u2019ach\u00e8ve sur un happy end [&hellip;]<\/p>\n","protected":false},"author":1744,"featured_media":0,"comment_status":"closed","ping_status":"closed","sticky":false,"template":"","format":"standard","meta":{"fifu_image_url":"","fifu_image_alt":"","footnotes":""},"categories":[73,53],"tags":[],"class_list":["post-34265","post","type-post","status-publish","format-standard","hentry","category-actualite","category-algerie"],"_links":{"self":[{"href":"https:\/\/linitiative.ca\/International\/wp-json\/wp\/v2\/posts\/34265","targetHints":{"allow":["GET"]}}],"collection":[{"href":"https:\/\/linitiative.ca\/International\/wp-json\/wp\/v2\/posts"}],"about":[{"href":"https:\/\/linitiative.ca\/International\/wp-json\/wp\/v2\/types\/post"}],"author":[{"embeddable":true,"href":"https:\/\/linitiative.ca\/International\/wp-json\/wp\/v2\/users\/1744"}],"replies":[{"embeddable":true,"href":"https:\/\/linitiative.ca\/International\/wp-json\/wp\/v2\/comments?post=34265"}],"version-history":[{"count":0,"href":"https:\/\/linitiative.ca\/International\/wp-json\/wp\/v2\/posts\/34265\/revisions"}],"wp:attachment":[{"href":"https:\/\/linitiative.ca\/International\/wp-json\/wp\/v2\/media?parent=34265"}],"wp:term":[{"taxonomy":"category","embeddable":true,"href":"https:\/\/linitiative.ca\/International\/wp-json\/wp\/v2\/categories?post=34265"},{"taxonomy":"post_tag","embeddable":true,"href":"https:\/\/linitiative.ca\/International\/wp-json\/wp\/v2\/tags?post=34265"}],"curies":[{"name":"wp","href":"https:\/\/api.w.org\/{rel}","templated":true}]}}