{"id":34266,"date":"2019-05-13T19:00:00","date_gmt":"2019-05-13T23:00:00","guid":{"rendered":"https:\/\/linitiative.ca\/International\/finale-de-la-coupe-dalgerie-la-jsm-bejaia-simpatiente\/"},"modified":"2019-05-13T19:00:00","modified_gmt":"2019-05-13T23:00:00","slug":"finale-de-la-coupe-dalgerie-la-jsm-bejaia-simpatiente","status":"publish","type":"post","link":"https:\/\/linitiative.ca\/International\/finale-de-la-coupe-dalgerie-la-jsm-bejaia-simpatiente\/","title":{"rendered":"Finale de la coupe d\u2019Alg\u00e9rie :  La JSM B\u00e9ja\u00efa s\u2019impatiente"},"content":{"rendered":"<p>Alors que la F\u00e9d\u00e9ration alg\u00e9rienne n\u2019a toujours pas communiqu\u00e9 la date et le lieu du d\u00e9roulement de la finale de la Coupe d\u2019Alg\u00e9rie, la JSM Bejaia commence \u00e0 s\u2019impatienter. Le club veut \u00eatre fix\u00e9 le plus t\u00f4t possible pour pr\u00e9parer sereinement et surtout convenablement ce grand rendez-vous. La direction de la formation de Yemma Gouraya a d\u2019ailleurs saisi la FAF en se sens, dans un premier temps. La FAF a invit\u00e9 dimanche dernier les deux futurs adversaires, en l\u2019occurrence JSMB et CRB, pour leur expliquer les choses. Aucune date n\u2019a \u00e9t\u00e9 arr\u00eat\u00e9e pour le moment, les responsables des deux formations quittent cette rencontre avec la f\u00e9d\u00e9ration bredouilles. Par ailleurs, bien que cette d\u00e9cision rel\u00e8ve principalement des services de la pr\u00e9sidence de la R\u00e9publique, pour des raisons \u00e9videntes, le premier responsable de la JSMB met la pression sur l\u2019instance f\u00e9d\u00e9rale. Il souhaite que cette rencontre se d\u00e9roule au plus tard le 18 mai prochain. \u00ab On pensait que la finale allait se jouer le 18 mai. Le staff technique a pris en consid\u00e9ration cette date pour \u00e9tablir son programme de pr\u00e9paration. A pr\u00e9sent, on parle d\u2019une autre date, \u00e0 savoir le 25 mai. D\u2019autres informations aussi nous indiquent que la finale risque d\u2019\u00eatre d\u00e9cal\u00e9e au mois de juin. Franchement, cette situation perturbe \u00e9norm\u00e9ment le groupe et risque de nous p\u00e9naliser. La f\u00e9d\u00e9ration doit rapidement nous informer de la date de la tenue de cette finale, afin de nous permettre de nous pr\u00e9parer convenablement. Pour notre part, on souhaite que cette rencontre se d\u00e9roule le 18 mai. \u00c7a serait l\u2019id\u00e9al pour nous. Au del\u00e0, il sera difficile pour le staff technique de maintenir les joueurs en forme et dans de bonnes conditions de concentration et de motivation, apr\u00e8s une saison pleine\u00bb, a indiqu\u00e9 Belkacem Houassi dans les colonnes de la presse sp\u00e9cialis\u00e9e, avant de se rendre \u00e0 la r\u00e9union organis\u00e9e au si\u00e8ge de la FAF. Pour rappel, le Championnat de Ligue Deux s\u2019est achev\u00e9 le 4 mai dernier. Si le CRB n\u2019a pas vraiment de souci \u00e0 garder ses joueurs comp\u00e9titifs, dans la mesure o\u00f9 le championnat de Ligue Une se poursuit, la JSMB doit trouver des sparring-partners de qualit\u00e9 pour meubler son calendrier jusqu\u2019\u00e0 la date de la finale. C\u2019est un v\u00e9ritable casse-t\u00eate pour le technicien tunisien Bouakeuz. \u00ab Connaitre la date de la finale est tr\u00e8s importante dans l\u2019\u00e9tablissement d\u2019un programme de pr\u00e9paration, en pr\u00e9vision de ce rendez-vous. Surtout en fin de saison o\u00f9 on doit prendre en consid\u00e9ration l\u2019\u00e9tat de forme des joueurs. Il n\u2019y a pas que l\u2019aspect physique qui rentre en ligne de compte. Sur le plan psychologique, il est difficile pour un joueur de garder sa concentration intacte aussi longtemps, en l\u2019absence de comp\u00e9tition. C\u2019est pour cette raison qu\u2019on doit rapidement avoir la date de cette finale, pour bien nous pr\u00e9parer.\u00bb, a-t-il soulign\u00e9. Pour rappel, la JSMB a repris les entra\u00eenements la veille du Ramadhan, avec un groupe r\u00e9duit. Depuis samedi dernier, le staff technique dispose de l\u2019ensemble de ses joueurs. Les s\u00e9ances ont lieu dans la soir\u00e9e au stade de l\u2019Unit\u00e9 Maghr\u00e9bine. Le club attend l\u2019annonce de la date et du lieu de la finale pour organiser un stage bloqu\u00e9. Par ailleurs, cette source indique que la finale pourrait bel et bien avoir lieu le samedi 8 juin, probablement au stade Mustapha-Tchaker de Blida, c&rsquo;est-\u00e0-dire apr\u00e8s le mois du Ramadhan.<\/p>\n<p>R\u00e9dha M.\u00a0 \u00a0<\/p>\n<p>Auteur: elmoudjahid<br \/>\n<a href=\"http:\/\/www.elmoudjahid.com\/fr\/actualites\/136874\">Cliquez ici pour lire l&rsquo;article depuis sa source.<\/a><\/p>\n","protected":false},"excerpt":{"rendered":"<p>Alors que la F\u00e9d\u00e9ration alg\u00e9rienne n\u2019a toujours pas communiqu\u00e9 la date et le lieu du d\u00e9roulement de la finale de la Coupe d\u2019Alg\u00e9rie, la JSM Bejaia commence \u00e0 s\u2019impatienter. Le club veut \u00eatre fix\u00e9 le plus t\u00f4t possible pour pr\u00e9parer sereinement et surtout convenablement ce grand rendez-vous. La direction de la formation de Yemma Gouraya [&hellip;]<\/p>\n","protected":false},"author":1744,"featured_media":0,"comment_status":"closed","ping_status":"closed","sticky":false,"template":"","format":"standard","meta":{"fifu_image_url":"","fifu_image_alt":"","footnotes":""},"categories":[73,53],"tags":[],"class_list":["post-34266","post","type-post","status-publish","format-standard","hentry","category-actualite","category-algerie"],"_links":{"self":[{"href":"https:\/\/linitiative.ca\/International\/wp-json\/wp\/v2\/posts\/34266","targetHints":{"allow":["GET"]}}],"collection":[{"href":"https:\/\/linitiative.ca\/International\/wp-json\/wp\/v2\/posts"}],"about":[{"href":"https:\/\/linitiative.ca\/International\/wp-json\/wp\/v2\/types\/post"}],"author":[{"embeddable":true,"href":"https:\/\/linitiative.ca\/International\/wp-json\/wp\/v2\/users\/1744"}],"replies":[{"embeddable":true,"href":"https:\/\/linitiative.ca\/International\/wp-json\/wp\/v2\/comments?post=34266"}],"version-history":[{"count":0,"href":"https:\/\/linitiative.ca\/International\/wp-json\/wp\/v2\/posts\/34266\/revisions"}],"wp:attachment":[{"href":"https:\/\/linitiative.ca\/International\/wp-json\/wp\/v2\/media?parent=34266"}],"wp:term":[{"taxonomy":"category","embeddable":true,"href":"https:\/\/linitiative.ca\/International\/wp-json\/wp\/v2\/categories?post=34266"},{"taxonomy":"post_tag","embeddable":true,"href":"https:\/\/linitiative.ca\/International\/wp-json\/wp\/v2\/tags?post=34266"}],"curies":[{"name":"wp","href":"https:\/\/api.w.org\/{rel}","templated":true}]}}