{"id":34267,"date":"2019-05-14T08:20:36","date_gmt":"2019-05-14T12:20:36","guid":{"rendered":"https:\/\/linitiative.ca\/International\/89398-oran-la-relance-de-l-athletisme-freinee-par-le-manque-de-moyens\/"},"modified":"2019-05-14T08:20:36","modified_gmt":"2019-05-14T12:20:36","slug":"89398-oran-la-relance-de-l-athletisme-freinee-par-le-manque-de-moyens","status":"publish","type":"post","link":"https:\/\/linitiative.ca\/International\/89398-oran-la-relance-de-l-athletisme-freinee-par-le-manque-de-moyens\/","title":{"rendered":"Oran : la relance de l&rsquo;athl\u00e9tisme frein\u00e9e par le manque de moyens"},"content":{"rendered":"<div>\n<div class=\"K2FeedImage\"><img decoding=\"async\" src=\"http:\/\/www.aps.dz\/media\/k2\/items\/cache\/bbb07f6f6045dd6d0e2213c1af395482_S.jpg\" alt=\"Oran : la relance de l'athl\u00e9tisme frein\u00e9e par le manque de moyens\"><\/div>\n<div class=\"K2FeedIntroText\">\n<p>ORAN &#8211; La Ligue oranaise d\u2019athl\u00e9tisme tente tant bien que mal de relancer la discipline dans la capitale de l\u2019Ouest du pays sauf qu\u2019elle fait face \u00e0 d\u2019\u00e9normes probl\u00e8mes d\u2019ordre mat\u00e9riel en particulier, d\u00e9plore son pr\u00e9sident.<\/p>\n<\/div>\n<div class=\"K2FeedFullText\">\n<p>Selon Brahim Amour, un sp\u00e9cialiste en la mati\u00e8re vu son pass\u00e9 riche dans cette discipline en tant qu\u2019athl\u00e8te d\u2019abord puis technicien, son instance s\u2019\u00a0\u00bbactive depuis quelques ann\u00e9es pour redorer le blason terni de l\u2019athl\u00e9tisme oranais malgr\u00e9 les nombreux al\u00e9as auxquels elle fait face\u00a0\u00bb.<\/p>\n<p>Il a notamment cit\u00e9 ce pertinent probl\u00e8me de manque de moyens qui se traduit par un mat\u00e9riel obsol\u00e8te toujours utilis\u00e9 dans les comp\u00e9titions organis\u00e9es par la Ligue oranaise.<\/p>\n<p>\u00ab\u00a0C\u2019est vraiment regrettable de recourir \u00e0 chaque fois \u00e0 du mat\u00e9riel ancien, vu qu&rsquo;on n&rsquo;a pas les moyens de se procurer de nouveaux outils de travail n\u00e9cessaires pour l\u2019organisation des diff\u00e9rentes comp\u00e9titions\u00a0\u00bb, a-t-il expliqu\u00e9.<\/p>\n<p>M\u00eame les athl\u00e8tes ayant pris part par exemple au dernier championnat r\u00e9gional d\u00e9roul\u00e9 au complexe les \u00ab\u00a0Castors\u00a0\u00bb se sont plaints de cette situation qui constitue un v\u00e9ritable obstacle pour l\u2019am\u00e9lioration de leurs r\u00e9sultats.<\/p>\n<p>Et si la Ligue locale continue de se heurter \u00e0 cet al\u00e9a, c\u2019est parce qu\u2019elle est incapable de se doter de nouveaux mat\u00e9riels vu son budget \u00ab\u00a0limit\u00e9\u00a0\u00bb, a encore regrett\u00e9 son premier responsable.<\/p>\n<p>\u00ab\u00a0Les subventions dont on b\u00e9n\u00e9ficie chaque saison nous permettent \u00e0 peine d\u2019assurer le fonctionnement de notre instance et d&rsquo;honorer nos engagements en mati\u00e8re d\u2019organisation des comp\u00e9titions\u00a0\u00bb, a-t-il expliqu\u00e9.<\/p>\n<p>\u00a0<\/p>\n<p style=\"text-align: center;\"><span style=\"font-size: 14pt;\"><strong>Tirer profit des JM-2021<\/strong><\/span><\/p>\n<p>\u00a0<\/p>\n<p>Pour une structure qui compte pas moins de 22 clubs affili\u00e9s, l\u2019on aurait esp\u00e9r\u00e9 b\u00e9n\u00e9ficier de plus de consid\u00e9ration, a souhait\u00e9 le responsable qui table d\u00e9sormais sur la 19e \u00e9dition des Jeux m\u00e9diterran\u00e9ens, pr\u00e9vue en 2021 \u00e0 Oran, pour r\u00e9gler une bonne fois pour toute le probl\u00e8me de la v\u00e9tust\u00e9 du mat\u00e9riel.<\/p>\n<p>\u00ab\u00a0La tenue \u00e0 Oran des Jeux m\u00e9diterran\u00e9ens aura certainement un impact positif sur l\u2019athl\u00e9tisme oranais. On devrait notamment profiter du mat\u00e9riel flambant neuf qui sera utilis\u00e9 dans l\u2019organisation des diff\u00e9rentes \u00e9preuves de la discipline et aussi des nouvelles infrastructures en voie de r\u00e9alisation ou de r\u00e9habilitation \u00e0 Oran\u00a0\u00bb, s\u2019est d\u2019ores et d\u00e9j\u00e0 r\u00e9joui Brahim Amour.<\/p>\n<p>Le stade d\u2019athl\u00e9tisme de 4.000 places est l\u2019une des pr\u00e9cieuses infrastructures que compte le complexe sportif en cours de r\u00e9alisation dans la commune de Bir El Djir (Est d\u2019Oran), compos\u00e9 \u00e9galement d\u2019un stade de football de 40.000 places, d\u2019une salle omnisports de 7.000 places et d\u2019un centre nautique de quatre bassins.<\/p>\n<p>\u00ab\u00a0Il est clair qu\u2019une telle infrastructure va nous motiver davantage pour r\u00e9aliser notre programme bas\u00e9 notamment sur la promotion de la discipline parmi les jeunes, \u00e9tant donn\u00e9 qu\u2019on table sur l\u2019affiliation d\u2019un maximum de nouveaux adeptes apr\u00e8s le rendez-vous m\u00e9diterran\u00e9en qui constitue un nouveau d\u00e9part pour l\u2019athl\u00e9tisme dans la r\u00e9gion\u00a0\u00bb, a conclu le pr\u00e9sident de la Ligue oranaise.<\/p>\n<\/div>\n<p><img loading=\"lazy\" decoding=\"async\" src=\"http:\/\/feeds.feedburner.com\/~r\/aps-sport\/~4\/Cr0LuBIySJo\" height=\"1\" width=\"1\" alt=\"\"><\/div>\n<p>Auteur:<br \/>\n<a href=\"http:\/\/www.aps.dz\/sport\/89398-oran-la-relance-de-l-athletisme-freinee-par-le-manque-de-moyens?utm_source=feedburner&#038;utm_medium=feed&#038;utm_campaign=Feed%3A+aps-sport+%28APS+-+SPORT%29\">Cliquez ici pour lire l&rsquo;article depuis sa source.<\/a><\/p>\n","protected":false},"excerpt":{"rendered":"<p>ORAN &#8211; La Ligue oranaise d\u2019athl\u00e9tisme tente tant bien que mal de relancer la discipline dans la capitale de l\u2019Ouest du pays sauf qu\u2019elle fait face \u00e0 d\u2019\u00e9normes probl\u00e8mes d\u2019ordre mat\u00e9riel en particulier, d\u00e9plore son pr\u00e9sident. Selon Brahim Amour, un sp\u00e9cialiste en la mati\u00e8re vu son pass\u00e9 riche dans cette discipline en tant qu\u2019athl\u00e8te d\u2019abord [&hellip;]<\/p>\n","protected":false},"author":1790,"featured_media":34268,"comment_status":"closed","ping_status":"closed","sticky":false,"template":"","format":"standard","meta":{"fifu_image_url":"","fifu_image_alt":"","footnotes":""},"categories":[53,75],"tags":[],"class_list":["post-34267","post","type-post","status-publish","format-standard","has-post-thumbnail","hentry","category-algerie","category-sport"],"_links":{"self":[{"href":"https:\/\/linitiative.ca\/International\/wp-json\/wp\/v2\/posts\/34267","targetHints":{"allow":["GET"]}}],"collection":[{"href":"https:\/\/linitiative.ca\/International\/wp-json\/wp\/v2\/posts"}],"about":[{"href":"https:\/\/linitiative.ca\/International\/wp-json\/wp\/v2\/types\/post"}],"author":[{"embeddable":true,"href":"https:\/\/linitiative.ca\/International\/wp-json\/wp\/v2\/users\/1790"}],"replies":[{"embeddable":true,"href":"https:\/\/linitiative.ca\/International\/wp-json\/wp\/v2\/comments?post=34267"}],"version-history":[{"count":0,"href":"https:\/\/linitiative.ca\/International\/wp-json\/wp\/v2\/posts\/34267\/revisions"}],"wp:featuredmedia":[{"embeddable":true,"href":"https:\/\/linitiative.ca\/International\/wp-json\/"}],"wp:attachment":[{"href":"https:\/\/linitiative.ca\/International\/wp-json\/wp\/v2\/media?parent=34267"}],"wp:term":[{"taxonomy":"category","embeddable":true,"href":"https:\/\/linitiative.ca\/International\/wp-json\/wp\/v2\/categories?post=34267"},{"taxonomy":"post_tag","embeddable":true,"href":"https:\/\/linitiative.ca\/International\/wp-json\/wp\/v2\/tags?post=34267"}],"curies":[{"name":"wp","href":"https:\/\/api.w.org\/{rel}","templated":true}]}}