{"id":34269,"date":"2019-05-14T08:26:10","date_gmt":"2019-05-14T12:26:10","guid":{"rendered":"https:\/\/linitiative.ca\/International\/89399-festival-national-de-sports-mecaniques-en-juin-a-mostaganem\/"},"modified":"2019-05-14T08:26:10","modified_gmt":"2019-05-14T12:26:10","slug":"89399-festival-national-de-sports-mecaniques-en-juin-a-mostaganem","status":"publish","type":"post","link":"https:\/\/linitiative.ca\/International\/89399-festival-national-de-sports-mecaniques-en-juin-a-mostaganem\/","title":{"rendered":"Festival national de sports m\u00e9caniques en juin \u00e0 Mostaganem"},"content":{"rendered":"<div>\n<div class=\"K2FeedImage\"><img decoding=\"async\" src=\"http:\/\/www.aps.dz\/media\/k2\/items\/cache\/db1b186752673d83412d51294540503a_S.jpg\" alt=\"Festival national de sports m\u00e9caniques en juin \u00e0 Mostaganem\"><\/div>\n<div class=\"K2FeedIntroText\">\n<p><strong>ALGER &#8211; Plusieurs activit\u00e9s dont des courses et une journ\u00e9e portes ouvertes seront au programme du Festival national de sports m\u00e9caniques, pr\u00e9vu du 8 au 12 juin \u00e0 Mostaganem, a indiqu\u00e9 la F\u00e9d\u00e9ration alg\u00e9rienne de la discipline (FASM).<\/strong><\/p>\n<\/div>\n<div class=\"K2FeedFullText\">\n<p>A l&rsquo;occasion de cette manifestation, les organisateurs ont annonc\u00e9 l&rsquo;inauguration d&rsquo;un circuit de course dans l&rsquo;a\u00e9rodrome de Sayada.<\/p>\n<blockquote>\n<p><em><strong>\u00ab\u00a0C&rsquo;est un circuit qui pourra accueillir de grandes courses auto et moto. Sa longueur doit \u00eatre comprise entre 3,5 et 10 km et la vitesse moyenne ne d\u00e9passant pas les 200 km\/h\u00a0\u00bb, a expliqu\u00e9 \u00e0 l&rsquo;APS le pr\u00e9sident de la FASM, Karim Benhamiche.<\/strong><\/em><\/p>\n<\/blockquote>\n<p>Ce Festival national, qui s&rsquo;\u00e9talera sur 5 jours, compte plusieurs activit\u00e9s inscrites \u00e0 son programme, dont des courses de \u00ab\u00a0drift\u00a0\u00bb, de \u00ab\u00a0drag race\u00a0\u00bb, de moto-cross et d&rsquo;enduro, ainsi qu&rsquo;une journ\u00e9e portes ouvertes sur les sports m\u00e9caniques.<\/p>\n<blockquote>\n<p><em><strong>\u00ab\u00a0Notre objectif \u00e0 travers l&rsquo;organisation de ce festival est de nous rapprocher des jeunes amateurs de la discipline et d&rsquo;attirer les plus curieux pour essayer les embarcations lors des courses. La mise en oeuvre du programme de la f\u00e9d\u00e9ration et l&rsquo;organisation de courses est tr\u00e8s b\u00e9n\u00e9fique pour la promotion de notre discipline\u00a0\u00bb, a soulign\u00e9 Benhamiche.<\/strong><\/em><\/p>\n<\/blockquote>\n<p>\u00ab\u00a0Il est \u00e9galement essentiel d&rsquo;informer les int\u00e9ress\u00e9s sur les aptitudes physiques et mentales \u00e0 avoir pour r\u00e9ussir dans les sports m\u00e9caniques\u00a0\u00bb, a-t-il conclu.<\/p>\n<\/div>\n<p><img loading=\"lazy\" decoding=\"async\" src=\"http:\/\/feeds.feedburner.com\/~r\/aps-sport\/~4\/6PMNDS-JT4s\" height=\"1\" width=\"1\" alt=\"\"><\/div>\n<p>Auteur:<br \/>\n<a href=\"http:\/\/www.aps.dz\/sport\/89399-festival-national-de-sports-mecaniques-en-juin-a-mostaganem?utm_source=feedburner&#038;utm_medium=feed&#038;utm_campaign=Feed%3A+aps-sport+%28APS+-+SPORT%29\">Cliquez ici pour lire l&rsquo;article depuis sa source.<\/a><\/p>\n","protected":false},"excerpt":{"rendered":"<p>ALGER &#8211; Plusieurs activit\u00e9s dont des courses et une journ\u00e9e portes ouvertes seront au programme du Festival national de sports m\u00e9caniques, pr\u00e9vu du 8 au 12 juin \u00e0 Mostaganem, a indiqu\u00e9 la F\u00e9d\u00e9ration alg\u00e9rienne de la discipline (FASM). A l&rsquo;occasion de cette manifestation, les organisateurs ont annonc\u00e9 l&rsquo;inauguration d&rsquo;un circuit de course dans l&rsquo;a\u00e9rodrome de [&hellip;]<\/p>\n","protected":false},"author":1790,"featured_media":34270,"comment_status":"closed","ping_status":"closed","sticky":false,"template":"","format":"standard","meta":{"fifu_image_url":"","fifu_image_alt":"","footnotes":""},"categories":[53,75],"tags":[],"class_list":["post-34269","post","type-post","status-publish","format-standard","has-post-thumbnail","hentry","category-algerie","category-sport"],"_links":{"self":[{"href":"https:\/\/linitiative.ca\/International\/wp-json\/wp\/v2\/posts\/34269","targetHints":{"allow":["GET"]}}],"collection":[{"href":"https:\/\/linitiative.ca\/International\/wp-json\/wp\/v2\/posts"}],"about":[{"href":"https:\/\/linitiative.ca\/International\/wp-json\/wp\/v2\/types\/post"}],"author":[{"embeddable":true,"href":"https:\/\/linitiative.ca\/International\/wp-json\/wp\/v2\/users\/1790"}],"replies":[{"embeddable":true,"href":"https:\/\/linitiative.ca\/International\/wp-json\/wp\/v2\/comments?post=34269"}],"version-history":[{"count":0,"href":"https:\/\/linitiative.ca\/International\/wp-json\/wp\/v2\/posts\/34269\/revisions"}],"wp:featuredmedia":[{"embeddable":true,"href":"https:\/\/linitiative.ca\/International\/wp-json\/"}],"wp:attachment":[{"href":"https:\/\/linitiative.ca\/International\/wp-json\/wp\/v2\/media?parent=34269"}],"wp:term":[{"taxonomy":"category","embeddable":true,"href":"https:\/\/linitiative.ca\/International\/wp-json\/wp\/v2\/categories?post=34269"},{"taxonomy":"post_tag","embeddable":true,"href":"https:\/\/linitiative.ca\/International\/wp-json\/wp\/v2\/tags?post=34269"}],"curies":[{"name":"wp","href":"https:\/\/api.w.org\/{rel}","templated":true}]}}