{"id":34271,"date":"2019-05-14T08:34:22","date_gmt":"2019-05-14T12:34:22","guid":{"rendered":"https:\/\/linitiative.ca\/International\/89400-daikin-cup-series-ibbou-integre-le-tableau-final\/"},"modified":"2019-05-14T08:34:22","modified_gmt":"2019-05-14T12:34:22","slug":"89400-daikin-cup-series-ibbou-integre-le-tableau-final","status":"publish","type":"post","link":"https:\/\/linitiative.ca\/International\/89400-daikin-cup-series-ibbou-integre-le-tableau-final\/","title":{"rendered":"Daikin Cup Series: Ibbou int\u00e8gre le Tableau final"},"content":{"rendered":"<div>\n<div class=\"K2FeedImage\"><img decoding=\"async\" src=\"http:\/\/www.aps.dz\/media\/k2\/items\/cache\/77b5fe59a7d10067f06bc1985a1f5bfd_S.jpg\" alt=\"Daikin Cup Series: Ibbou int\u00e8gre le Tableau final\"><\/div>\n<div class=\"K2FeedIntroText\">\n<p>\u00a0<\/p>\n<p><strong>ISTANBUL &#8211; La tenniswoman alg\u00e9rienne In\u00e8s Ibbou a int\u00e9gr\u00e9 \u00a0le Tableau final du tournoi international \u00ab\u00a0Daikin Cup Series\u00a0\u00bb, qui se d\u00e9roule du 13 au 19 mai \u00e0 Antalya (Turquie), apr\u00e8s sa victoire en deux sets contre la Russe Ekaterina Cherkasova.<\/strong><\/p>\n<\/div>\n<div class=\"K2FeedFullText\">\n<p>L&rsquo;Alg\u00e9rienne de 20 ans, class\u00e9e t\u00eate de s\u00e9rie N1 du tableau des qualifications, n&rsquo;a eu aucun mal \u00e0 surclasser la Russe de 38 ans, qu&rsquo;elle domin\u00e9 sur le m\u00eame score (6-1, 6-1).<\/p>\n<p>Il s&rsquo;agit du cinqui\u00e8me tournoi cons\u00e9cutif pour Ibbou \u00e0 Antalya, o\u00f9 elle a retrouv\u00e9 la joie de la comp\u00e9tition apr\u00e8s plusieurs semaines d&rsquo;absence, dues \u00e0 une blessure.<\/p>\n<hr>\n<h3>Lire aussi:\u00a0<a href=\"http:\/\/www.aps.dz\/sport\/89176-tennis-daikin-cup-series-ines-ibbou-integre-le-tableau-final\" target=\"_blank\" rel=\"noopener noreferrer\">Tennis-Daikin Cup Series: In\u00e8s Ibbou int\u00e8gre le tableau final<\/a><\/h3>\n<hr>\n<p>Dans ces trois premiers tournois \u00e0 Antalya, Ibbou avait connu des \u00e9liminations relativement pr\u00e9coces, mais elle reste sur une belle demi-finale dans le quatri\u00e8me. Une preuve qu&rsquo;elle se trouve sur une courbe ascendante et qu&rsquo;elle commence \u00e0 revenir progressivement \u00e0 son meilleur niveau.<\/p>\n<p>A l&rsquo;instar des quatre pr\u00e9c\u00e9dents, ce 5e tournoi \u00e0 Antalya se d\u00e9roule sur les courts en terre battue du Starlight Resort. Il est dot\u00e9 d&rsquo;un prize-money de 15.000 USD et \u00e0 drain\u00e9 la participation de joueuses venues des quatre coins du monde (Australie, Etats-Unis, Inde, Chine, Japon&#8230;).<\/p>\n<\/div>\n<p><img loading=\"lazy\" decoding=\"async\" src=\"http:\/\/feeds.feedburner.com\/~r\/aps-sport\/~4\/8Iv62F8FCmE\" height=\"1\" width=\"1\" alt=\"\"><\/div>\n<p>Auteur:<br \/>\n<a href=\"http:\/\/www.aps.dz\/sport\/89400-daikin-cup-series-ibbou-integre-le-tableau-final?utm_source=feedburner&#038;utm_medium=feed&#038;utm_campaign=Feed%3A+aps-sport+%28APS+-+SPORT%29\">Cliquez ici pour lire l&rsquo;article depuis sa source.<\/a><\/p>\n","protected":false},"excerpt":{"rendered":"<p>\u00a0 ISTANBUL &#8211; La tenniswoman alg\u00e9rienne In\u00e8s Ibbou a int\u00e9gr\u00e9 \u00a0le Tableau final du tournoi international \u00ab\u00a0Daikin Cup Series\u00a0\u00bb, qui se d\u00e9roule du 13 au 19 mai \u00e0 Antalya (Turquie), apr\u00e8s sa victoire en deux sets contre la Russe Ekaterina Cherkasova. L&rsquo;Alg\u00e9rienne de 20 ans, class\u00e9e t\u00eate de s\u00e9rie N1 du tableau des qualifications, n&rsquo;a [&hellip;]<\/p>\n","protected":false},"author":1790,"featured_media":34272,"comment_status":"closed","ping_status":"closed","sticky":false,"template":"","format":"standard","meta":{"fifu_image_url":"","fifu_image_alt":"","footnotes":""},"categories":[53,75],"tags":[],"class_list":["post-34271","post","type-post","status-publish","format-standard","has-post-thumbnail","hentry","category-algerie","category-sport"],"_links":{"self":[{"href":"https:\/\/linitiative.ca\/International\/wp-json\/wp\/v2\/posts\/34271","targetHints":{"allow":["GET"]}}],"collection":[{"href":"https:\/\/linitiative.ca\/International\/wp-json\/wp\/v2\/posts"}],"about":[{"href":"https:\/\/linitiative.ca\/International\/wp-json\/wp\/v2\/types\/post"}],"author":[{"embeddable":true,"href":"https:\/\/linitiative.ca\/International\/wp-json\/wp\/v2\/users\/1790"}],"replies":[{"embeddable":true,"href":"https:\/\/linitiative.ca\/International\/wp-json\/wp\/v2\/comments?post=34271"}],"version-history":[{"count":0,"href":"https:\/\/linitiative.ca\/International\/wp-json\/wp\/v2\/posts\/34271\/revisions"}],"wp:featuredmedia":[{"embeddable":true,"href":"https:\/\/linitiative.ca\/International\/wp-json\/"}],"wp:attachment":[{"href":"https:\/\/linitiative.ca\/International\/wp-json\/wp\/v2\/media?parent=34271"}],"wp:term":[{"taxonomy":"category","embeddable":true,"href":"https:\/\/linitiative.ca\/International\/wp-json\/wp\/v2\/categories?post=34271"},{"taxonomy":"post_tag","embeddable":true,"href":"https:\/\/linitiative.ca\/International\/wp-json\/wp\/v2\/tags?post=34271"}],"curies":[{"name":"wp","href":"https:\/\/api.w.org\/{rel}","templated":true}]}}