{"id":34273,"date":"2019-05-14T08:53:54","date_gmt":"2019-05-14T12:53:54","guid":{"rendered":"https:\/\/linitiative.ca\/International\/89402-youcef-atal-enflamme-le-mercato-europeen\/"},"modified":"2019-05-14T08:53:54","modified_gmt":"2019-05-14T12:53:54","slug":"89402-youcef-atal-enflamme-le-mercato-europeen","status":"publish","type":"post","link":"https:\/\/linitiative.ca\/International\/89402-youcef-atal-enflamme-le-mercato-europeen\/","title":{"rendered":"Youcef Atal enflamme le mercato europ\u00e9en"},"content":{"rendered":"<div>\n<div class=\"K2FeedImage\"><img decoding=\"async\" src=\"http:\/\/www.aps.dz\/media\/k2\/items\/cache\/40f5e85858c3e8ef6e361d01ea696ae1_S.jpg\" alt=\"Youcef Atal enflamme le mercato europ\u00e9en\"><\/div>\n<div class=\"K2FeedIntroText\">\n<p><strong>PARIS &#8211; L&rsquo;international alg\u00e9rien Youcef Atal est en train d&rsquo;enflammer le mercato de la Ligue 1 fran\u00e7aise et des autres ligues europ\u00e9ennes, malgr\u00e9 le refus de son transfert r\u00e9it\u00e9r\u00e9 par les responsables de son club l&rsquo;OGC Nice.<\/strong><\/p>\n<\/div>\n<div class=\"K2FeedFullText\">\n<p>Le lat\u00e9ral alg\u00e9rien (22 ans) a \u00e9t\u00e9 une des grandes surprises de la saison 2018\/2019, d&rsquo;o\u00f9 l&rsquo;int\u00e9r\u00eat du Paris Saint-Germain (PSG) \u00e0 vouloir, co\u00fbte que co\u00fbte, l&rsquo;avoir dans ses rangs, notamment depuis le grand match qu&rsquo;il avait livr\u00e9 au Parc des Princes.<\/p>\n<p>Depuis, le joueur alg\u00e9rien est convoit\u00e9 par un nombre de clubs de la Ligue 1 fran\u00e7aise, de la Liga espagnole, de Premier League ou de la Serie A italienne.<\/p>\n<p>Selon des indiscr\u00e9tions rapport\u00e9es par la presse sportive, les responsables du PSG auraient d\u00e9j\u00e0 rencontr\u00e9 l\u2019entourage du joueur et \u00ab\u00a0veulent aller plus vite que la concurrence\u00a0\u00bb.<\/p>\n<p>Le magazine France Football a list\u00e9 l&rsquo;international, dont la force est \u00e9galement sa polyvalence, parmi les joueurs dont la cote a explos\u00e9 cette saison.<\/p>\n<p>Le magazine a estim\u00e9 qu&rsquo;il \u00ab\u00a0a frapp\u00e9 les esprits des d\u00e9cideurs du PSG\u00a0\u00bb, lesquels \u00ab\u00a0ont du coup acc\u00e9l\u00e9r\u00e9 sur ce dossier vu leurs besoins \u00e0 ce poste (Meunier va partir et Dani Alves ne peut assurer la saison avec le seul Dagba comme alternative)\u00a0\u00bb.<\/p>\n<hr>\n<p><em><strong>Lire aussi:\u00a0<a href=\"http:\/\/www.aps.dz\/sport\/89019-transfert-nice-youcef-atal-n-est-pas-a-vendre-vieira\">Transfert-Nice:\u00a0<span class=\"highlight\">Youcef<\/span>\u00a0<span class=\"highlight\">Atal<\/span>\u00a0n&rsquo;est pas \u00e0 vendre (Vieira)<\/a><\/strong><\/em><\/p>\n<hr>\n<p>Pour la m\u00eame publication, Paris \u00ab\u00a0doit faire vite\u00a0\u00bb sur ce dossier car \u00ab\u00a0le profil d&rsquo;Atal, percutant, fiable et en pleine ascension, a de quoi attirer l&rsquo;\u0153il\u00a0\u00bb.<\/p>\n<p>Selon la presse sp\u00e9cialis\u00e9e fran\u00e7aise, les clubs int\u00e9ress\u00e9s par Youcef Atal sont l&rsquo;Atl\u00e9tico de Madrid, Chelsea, l&rsquo;Inter Milan, Naples (qui compte vendre au moins Hysaj), lesquels ont, eux aussi, discut\u00e9 de visu avec l&rsquo;entourage du joueur.<\/p>\n<p>L&rsquo;entra\u00eeneur de l&rsquo;OGc Nice (Ligue 1), Patrick Vieira, avait d\u00e9clar\u00e9 r\u00e9cemment que le lat\u00e9ral alg\u00e9rien n&rsquo;\u00e9tait pas \u00e0 vendre, mentionnant qu&rsquo;il fait partie des \u00ab\u00a0tr\u00e8s bons joueurs\u00a0\u00bb du championnat fran\u00e7ais.<\/p>\n<p>Interrog\u00e9 sur la possibilit\u00e9 de voir Atal \u00e9voluer dans un autre club, le technicien ni\u00e7ois a \u00e9t\u00e9 cat\u00e9gorique : \u00ab\u00a0Je ne me pose m\u00eame pas la question parce que nous ne sommes pas vendeurs\u00a0\u00bb, soulignant que \u00ab\u00a0les clubs ne vont pas appeler le pr\u00e9sident seulement parce qu&rsquo;il a marqu\u00e9 trois buts contre Guingamp\u00a0\u00bb.<\/p>\n<p>Avant d&rsquo;atterrir en France, Youcef Atal a port\u00e9 les couleurs de nombreux clubs (toutes cat\u00e9gories confondues), entre autres la JS Kabylie et Paradou AC (2014-2017) avant de rejoindre le club belge de Courtrai.<\/p>\n<p>En s\u00e9lection nationale, le lat\u00e9ral droit est devenu l&rsquo;un des hommes forts de l&rsquo;\u00e9quipe et sur lequel comptera le s\u00e9lectionneur national, Djamel Belmadi, lors de la CAN-2019 en Egypte.<\/p>\n<\/div>\n<p><img loading=\"lazy\" decoding=\"async\" src=\"http:\/\/feeds.feedburner.com\/~r\/aps-sport\/~4\/_HVujTKA2io\" height=\"1\" width=\"1\" alt=\"\"><\/div>\n<p>Auteur:<br \/>\n<a href=\"http:\/\/www.aps.dz\/sport\/89402-youcef-atal-enflamme-le-mercato-europeen?utm_source=feedburner&#038;utm_medium=feed&#038;utm_campaign=Feed%3A+aps-sport+%28APS+-+SPORT%29\">Cliquez ici pour lire l&rsquo;article depuis sa source.<\/a><\/p>\n","protected":false},"excerpt":{"rendered":"<p>PARIS &#8211; L&rsquo;international alg\u00e9rien Youcef Atal est en train d&rsquo;enflammer le mercato de la Ligue 1 fran\u00e7aise et des autres ligues europ\u00e9ennes, malgr\u00e9 le refus de son transfert r\u00e9it\u00e9r\u00e9 par les responsables de son club l&rsquo;OGC Nice. Le lat\u00e9ral alg\u00e9rien (22 ans) a \u00e9t\u00e9 une des grandes surprises de la saison 2018\/2019, d&rsquo;o\u00f9 l&rsquo;int\u00e9r\u00eat du [&hellip;]<\/p>\n","protected":false},"author":1790,"featured_media":34274,"comment_status":"closed","ping_status":"closed","sticky":false,"template":"","format":"standard","meta":{"fifu_image_url":"","fifu_image_alt":"","footnotes":""},"categories":[53,75],"tags":[],"class_list":["post-34273","post","type-post","status-publish","format-standard","has-post-thumbnail","hentry","category-algerie","category-sport"],"_links":{"self":[{"href":"https:\/\/linitiative.ca\/International\/wp-json\/wp\/v2\/posts\/34273","targetHints":{"allow":["GET"]}}],"collection":[{"href":"https:\/\/linitiative.ca\/International\/wp-json\/wp\/v2\/posts"}],"about":[{"href":"https:\/\/linitiative.ca\/International\/wp-json\/wp\/v2\/types\/post"}],"author":[{"embeddable":true,"href":"https:\/\/linitiative.ca\/International\/wp-json\/wp\/v2\/users\/1790"}],"replies":[{"embeddable":true,"href":"https:\/\/linitiative.ca\/International\/wp-json\/wp\/v2\/comments?post=34273"}],"version-history":[{"count":0,"href":"https:\/\/linitiative.ca\/International\/wp-json\/wp\/v2\/posts\/34273\/revisions"}],"wp:featuredmedia":[{"embeddable":true,"href":"https:\/\/linitiative.ca\/International\/wp-json\/"}],"wp:attachment":[{"href":"https:\/\/linitiative.ca\/International\/wp-json\/wp\/v2\/media?parent=34273"}],"wp:term":[{"taxonomy":"category","embeddable":true,"href":"https:\/\/linitiative.ca\/International\/wp-json\/wp\/v2\/categories?post=34273"},{"taxonomy":"post_tag","embeddable":true,"href":"https:\/\/linitiative.ca\/International\/wp-json\/wp\/v2\/tags?post=34273"}],"curies":[{"name":"wp","href":"https:\/\/api.w.org\/{rel}","templated":true}]}}