{"id":34277,"date":"2019-05-14T10:48:30","date_gmt":"2019-05-14T14:48:30","guid":{"rendered":"https:\/\/linitiative.ca\/International\/89415-fab-je-suis-le-president-legitime-le-bureau-federal-doit-accepter-ma-rehabilitation\/"},"modified":"2019-05-14T10:48:30","modified_gmt":"2019-05-14T14:48:30","slug":"89415-fab-je-suis-le-president-legitime-le-bureau-federal-doit-accepter-ma-rehabilitation","status":"publish","type":"post","link":"https:\/\/linitiative.ca\/International\/89415-fab-je-suis-le-president-legitime-le-bureau-federal-doit-accepter-ma-rehabilitation\/","title":{"rendered":"FAB: \u00ab\u00a0Je suis le pr\u00e9sident l\u00e9gitime, le bureau f\u00e9d\u00e9ral doit accepter ma r\u00e9habilitation\u00a0\u00bb"},"content":{"rendered":"<div>\n<div class=\"K2FeedImage\"><img decoding=\"async\" src=\"http:\/\/www.aps.dz\/media\/k2\/items\/cache\/18557f3bfccab7820fd4ca41425e5cd2_S.jpg\" alt=\"FAB: \" je suis le pr l bureau f doit accepter ma r><\/div>\n<div class=\"K2FeedIntroText\">\n<p><strong>ALGER &#8211; Le pr\u00e9sident de la F\u00e9d\u00e9ration alg\u00e9rienne de boxe (FAB), Abdelmadjid Nehassia, a appel\u00e9 mardi les membres du bureau ex\u00e9cutif \u00e0 accepter la d\u00e9cision du minist\u00e8re de la Jeunesse et des Sports (MJS) portant sa r\u00e9habilitation en tant que pr\u00e9sident l\u00e9gitime de l&rsquo;instance f\u00e9d\u00e9rale.<\/strong><\/p>\n<\/div>\n<div class=\"K2FeedFullText\">\n<p>\u00ab\u00a0Apr\u00e8s avoir re\u00e7u la d\u00e9cision portant ma r\u00e9habilitation en tant que pr\u00e9sident l\u00e9gitime de la FAB, le MJS a d\u00e9l\u00e9gu\u00e9 un repr\u00e9sentant, en l&rsquo;occurrence Abdelmalek Yaker, pour notifier cette d\u00e9cision au pr\u00e9sident par int\u00e9rim, Mourad Ouhib, qui n&rsquo;a plus le pouvoir de signature depuis dimanche dernier \u00e0 minuit. La passation de consignes se fera mercredi prochain\u00a0\u00bb, a d\u00e9clar\u00e9 Nehassia lors d&rsquo;une conf\u00e9rence de presse anim\u00e9e au Complexe olympique Mohamed-Boudiaf (Alger), en pr\u00e9sence de l&rsquo;ex-patron de la FAB, Nabil Sadi.<\/p>\n<p>Apr\u00e8s avoir rappel\u00e9 la gen\u00e8se de la crise, depuis son \u00e9lection \u00e0 la t\u00eate de l&rsquo;instance f\u00e9d\u00e9rale en mars 2017, Nehassia a tir\u00e9 \u00e0 boulets rouges sur l&rsquo;actuel bureau f\u00e9d\u00e9ral, \u00e0 sa t\u00eate Mourad Ouhib, qui \u00e9tait \u00ab\u00a0d\u00e8s le d\u00e9part contre mon \u00e9lection \u00e0 la t\u00eate de la FAB\u00a0\u00bb.<\/p>\n<blockquote>\n<p><em><strong>\u00ab\u00a0Mourad Ouhib a toujours bloqu\u00e9 mes d\u00e9cisions avec la complicit\u00e9 de l&rsquo;ex-ministre de la Jeunesse et des Sports, El Hadi Ould Ali. Les membres du bureau f\u00e9d\u00e9ral sont la source de tous les probl\u00e8mes de la boxe alg\u00e9rienne, ce sont des chasseurs de primes qui ont fait de la f\u00e9d\u00e9ration leur registre de commerce. J&rsquo;\u00e9tais victime du conflit qui a oppos\u00e9 l&rsquo;ex-ministre au pr\u00e9sident du Comit\u00e9 olympique et sportif alg\u00e9rien (COA)\u00a0\u00bb, a-t-il dit.<\/strong><\/em><\/p>\n<\/blockquote>\n<hr>\n<h3>Lire aussi:\u00a0<a href=\"http:\/\/www.aps.dz\/sport\/89131-fab-le-president-nehassia-officiellement-rehabilite-par-le-ministre\" target=\"_blank\" rel=\"noopener noreferrer\">FAB : le pr\u00e9sident Nehassia officiellement r\u00e9habilit\u00e9 par le ministre<\/a><\/h3>\n<hr>\n<p>A cet effet, le pr\u00e9sident de la FAB a pr\u00e9sent\u00e9 des documents \u00ab\u00a0prouvant\u00a0\u00bb l&rsquo;implication de quelques membres \u00ab\u00a0dont l&rsquo;ex-pr\u00e9sident, Abdeslam Draa et le vice-pr\u00e9sident, Mourad Ouhib dans des affaires de d\u00e9tournement de deniers publics\u00a0\u00bb.<\/p>\n<p>\u00ab\u00a0J&rsquo;ai en ma possession 14 dossiers qui prouvent l&rsquo;implication de Draa et Ouhib dans des affaires de d\u00e9tournement et m\u00eame de vol. J&rsquo;ai g\u00e9r\u00e9 la f\u00e9d\u00e9ration pour une dur\u00e9e de deux mois seulement et je suis pr\u00eat \u00e0 affronter ces personnes avec des preuves concr\u00e8tes. Maintenant que j&rsquo;ai \u00e9t\u00e9 r\u00e9habilit\u00e9, celui qui veut travailler avec moi sera le bienvenu, les autres auront \u00e0 s&rsquo;expliquer devant la justice\u00a0\u00bb, a averti Nehassia.<\/p>\n<p>Pr\u00e9sident d\u00e9chu de la FAB, Nehassia a \u00e9t\u00e9 officiellement r\u00e9habilit\u00e9 par le ministre de la Jeunesse et des Sports, Raouf Salim Bernaoui, qui a proc\u00e9d\u00e9 \u00e9galement \u00e0 l&rsquo;annulation de la suspension temporaire prononc\u00e9e \u00e0 son encontre suite \u00e0 la demande formul\u00e9e par l&rsquo;int\u00e9ress\u00e9 ainsi que par le verdict du Tribunal alg\u00e9rien de r\u00e8glement des litiges sportifs (TARLS) et du tribunal administratif.<\/p>\n<p>\u00a0<\/p>\n<p style=\"text-align: center;\"><strong>\u00ab\u00a0Courage\u00a0\u00bb<\/strong><\/p>\n<p>\u00a0<\/p>\n<p>\u00ab\u00a0Je salue la d\u00e9cision courageuse prise par l&rsquo;actuel ministre qui a appliqu\u00e9 \u00e0 la lettre les verdicts\u00a0 du TARLS et du tribunal administratif de Bir Mourad Ra\u00efs, au m\u00eame titre que pour les autres pr\u00e9sidents de f\u00e9d\u00e9ration et membres f\u00e9d\u00e9raux, d\u00e9clar\u00e9s in\u00e9ligibles par l&rsquo;ex-ministre Ould Ali\u00a0\u00bb, a r\u00e9agi de son c\u00f4t\u00e9 Nabil Sadi, lui-m\u00eame touch\u00e9 par cette sanction.<\/p>\n<p>Elu le 4 mars 2017 \u00e0 la t\u00eate de la FAB pour le mandat olympique 2017-2020 en remplacement de Nabil Sadi, Nehassia avait \u00e9t\u00e9 d&rsquo;abord suspendu par le MJS pour \u00ab\u00a0mauvaise gestion\u00a0\u00bb avant d&rsquo;\u00eatre d\u00e9chu de son poste par les membres de l&rsquo;Assembl\u00e9e g\u00e9n\u00e9rale, r\u00e9unis en session extraordinaire le 15 juillet 2017. Une assembl\u00e9e \u00e9lective avait alors \u00e9t\u00e9 organis\u00e9e le 1er ao\u00fbt de la m\u00eame ann\u00e9e, portant Abdeslam Draa \u00e0 la t\u00eate de la FAB.<\/p>\n<blockquote>\n<p><em><strong>Mais suite au verdict du TARLS, Nehassia a \u00e9t\u00e9 r\u00e9tabli dans ses droits en tant que pr\u00e9sident \u00ab\u00a0l\u00e9gitime\u00a0\u00bb de l&rsquo;instance f\u00e9d\u00e9rale. L&rsquo;int\u00e9ress\u00e9 a eu cependant du mal \u00e0 le faire ex\u00e9cuter suite \u00e0 l&rsquo;appel introduit par Abdeslam Draa, finalement d\u00e9bout\u00e9 par la justice.<\/strong><\/em><\/p>\n<\/blockquote>\n<hr>\n<h3>Lire aussi:\u00a0<a href=\"http:\/\/www.aps.dz\/sport\/88863-federation-de-boxe-abdelmajid-nehassia-rehabilite-demande-le-soutien-du-mjs\" target=\"_blank\" rel=\"noopener noreferrer\">F\u00e9d\u00e9ration de boxe : Abdelmajid Nehassia r\u00e9habilit\u00e9, demande le soutien du MJS<\/a><\/h3>\n<hr>\n<p>Depuis le 26 octobre 2018, date de la fin de mission de Draa, la FAB a v\u00e9cu une situation de blocage et un vice-pr\u00e9sident, \u00e0 savoir Mourad Ouhib, a occup\u00e9 le poste de pr\u00e9sident par int\u00e9rim jusqu&rsquo;\u00e0 avant-hier dimanche \u00e0 minuit.<\/p>\n<p>Depuis octobre dernier, deux assembl\u00e9es \u00e9lectives ont \u00e9t\u00e9 report\u00e9es (17 novembre et 29 d\u00e9cembre 2018), sur injonction de l&rsquo;Association internationale de boxe (AIBA) qui a demand\u00e9 des explications sur les motifs du rejet des dossiers de candidatures de Nabil Sadi et Fazil Ferhat, r\u00e9habilit\u00e9s eux aussi par le MJS.<\/p>\n<p>Cons\u00e9quence de cette situation, l&rsquo;Alg\u00e9rie a perdu sa repr\u00e9sentativit\u00e9 au sein du Comit\u00e9 ex\u00e9cutif de l&rsquo;AIBA.<\/p>\n<\/div>\n<p><img loading=\"lazy\" decoding=\"async\" src=\"http:\/\/feeds.feedburner.com\/~r\/aps-sport\/~4\/euT_47OZ3-w\" height=\"1\" width=\"1\" alt=\"\"><\/div>\n<p>Auteur:<br \/>\n<a href=\"http:\/\/www.aps.dz\/sport\/89415-fab-je-suis-le-president-legitime-le-bureau-federal-doit-accepter-ma-rehabilitation?utm_source=feedburner&#038;utm_medium=feed&#038;utm_campaign=Feed%3A+aps-sport+%28APS+-+SPORT%29\">Cliquez ici pour lire l&rsquo;article depuis sa source.<\/a><\/p>\n","protected":false},"excerpt":{"rendered":"<p>ALGER &#8211; Le pr\u00e9sident de la F\u00e9d\u00e9ration alg\u00e9rienne de boxe (FAB), Abdelmadjid Nehassia, a appel\u00e9 mardi les membres du bureau ex\u00e9cutif \u00e0 accepter la d\u00e9cision du minist\u00e8re de la Jeunesse et des Sports (MJS) portant sa r\u00e9habilitation en tant que pr\u00e9sident l\u00e9gitime de l&rsquo;instance f\u00e9d\u00e9rale. \u00ab\u00a0Apr\u00e8s avoir re\u00e7u la d\u00e9cision portant ma r\u00e9habilitation en tant [&hellip;]<\/p>\n","protected":false},"author":1790,"featured_media":34278,"comment_status":"closed","ping_status":"closed","sticky":false,"template":"","format":"standard","meta":{"fifu_image_url":"","fifu_image_alt":"","footnotes":""},"categories":[53,75],"tags":[],"class_list":["post-34277","post","type-post","status-publish","format-standard","has-post-thumbnail","hentry","category-algerie","category-sport"],"_links":{"self":[{"href":"https:\/\/linitiative.ca\/International\/wp-json\/wp\/v2\/posts\/34277","targetHints":{"allow":["GET"]}}],"collection":[{"href":"https:\/\/linitiative.ca\/International\/wp-json\/wp\/v2\/posts"}],"about":[{"href":"https:\/\/linitiative.ca\/International\/wp-json\/wp\/v2\/types\/post"}],"author":[{"embeddable":true,"href":"https:\/\/linitiative.ca\/International\/wp-json\/wp\/v2\/users\/1790"}],"replies":[{"embeddable":true,"href":"https:\/\/linitiative.ca\/International\/wp-json\/wp\/v2\/comments?post=34277"}],"version-history":[{"count":0,"href":"https:\/\/linitiative.ca\/International\/wp-json\/wp\/v2\/posts\/34277\/revisions"}],"wp:featuredmedia":[{"embeddable":true,"href":"https:\/\/linitiative.ca\/International\/wp-json\/"}],"wp:attachment":[{"href":"https:\/\/linitiative.ca\/International\/wp-json\/wp\/v2\/media?parent=34277"}],"wp:term":[{"taxonomy":"category","embeddable":true,"href":"https:\/\/linitiative.ca\/International\/wp-json\/wp\/v2\/categories?post=34277"},{"taxonomy":"post_tag","embeddable":true,"href":"https:\/\/linitiative.ca\/International\/wp-json\/wp\/v2\/tags?post=34277"}],"curies":[{"name":"wp","href":"https:\/\/api.w.org\/{rel}","templated":true}]}}