{"id":34279,"date":"2019-05-14T11:15:48","date_gmt":"2019-05-14T15:15:48","guid":{"rendered":"https:\/\/linitiative.ca\/International\/89417-federation-algerienne-de-boxe-les-dates-cles-de-la-crise\/"},"modified":"2019-05-14T11:15:48","modified_gmt":"2019-05-14T15:15:48","slug":"89417-federation-algerienne-de-boxe-les-dates-cles-de-la-crise","status":"publish","type":"post","link":"https:\/\/linitiative.ca\/International\/89417-federation-algerienne-de-boxe-les-dates-cles-de-la-crise\/","title":{"rendered":"F\u00e9d\u00e9ration alg\u00e9rienne de boxe: les dates-cl\u00e9s de la crise"},"content":{"rendered":"<div>\n<div class=\"K2FeedIntroText\">\n<p><strong>ALGER &#8211; Dates-cl\u00e9s de la crise qui secoue la F\u00e9d\u00e9ration alg\u00e9rienne de boxe (FAB) depuis l&rsquo;\u00e9lection du pr\u00e9sident Abdelmadjid Nehassia \u00e0 la t\u00eate de l&rsquo;instance f\u00e9d\u00e9rale, le 4 mars 2017.<\/strong><\/p>\n<\/div>\n<div class=\"K2FeedFullText\">\n<p>\u00a0<\/p>\n<p>4 mars 2017 : Abdelmadjid Nehassia, repr\u00e9sentant de la Ligue d&rsquo;A\u00efn-Defla, \u00e9lu pr\u00e9sident de la FAB.<\/p>\n<p>\u00a0<\/p>\n<p>25 mai 2017 : le ministre de la Jeunesse et des Sports de l&rsquo;\u00e9poque, El Hadi Ould Ali, d\u00e9cide de suspendre Nehassia pour \u00ab\u00a0mauvaise gestion\u00a0\u00bb.<\/p>\n<p>\u00a0<\/p>\n<p>15 juillet 2017 : les membres de l&rsquo;Assembl\u00e9e g\u00e9n\u00e9rale, r\u00e9unis en session extraordinaire au Centre de Ghermoul (Alger), retirent leur confiance \u00e0 Nehassia.<\/p>\n<p>\u00a0<\/p>\n<p>1er ao\u00fbt 2017 : Abdeslam Draa \u00e9lu pr\u00e9sident de la F\u00e9d\u00e9ration alg\u00e9rienne de boxe.<\/p>\n<p>\u00a0<\/p>\n<p>27 mai 2018 : Abdelmadjid Nehassia r\u00e9tabli dans ses droits par le Tribunal alg\u00e9rien de r\u00e8glement des litiges sportifs (TARLS) en tant que pr\u00e9sident \u00ab\u00a0l\u00e9gitime\u00a0\u00bb de l&rsquo;instance f\u00e9d\u00e9rale.<\/p>\n<p>\u00a0<\/p>\n<p>12 octobre 2018 : le minist\u00e8re de la Jeunesse et des Sports demande l\u2019organisation d\u2019une assembl\u00e9e g\u00e9n\u00e9rale extraordinaire afin d&rsquo;\u00e9lire un nouveau pr\u00e9sident. Abdelmadjid Nehassia n&rsquo;avait pas le droit de se porter candidat.<\/p>\n<p>\u00a0<\/p>\n<p>5 novembre 2018 : quatre candidats d\u00e9posent leur dossier pour le poste de pr\u00e9sident. Il s&rsquo;agit de La\u00e2zizi Athmane, pr\u00e9sident de la Ligue de Boumerd\u00e8s, membre f\u00e9d\u00e9ral et arbitre international, d&rsquo;Abdellah Bessalem, ex-pr\u00e9sident de la FAB, d&rsquo;Erouane Nacer, membre f\u00e9d\u00e9ral et pr\u00e9sident de la Ligue de Tizi-Ouzou ainsi que d&rsquo;Abdeslam Draa, qui avait le droit de se pr\u00e9senter \u00e0 l&rsquo;\u00e9lection.<\/p>\n<p>\u00a0<\/p>\n<p>17 novembre 2018 : l&rsquo;Assembl\u00e9e g\u00e9n\u00e9rale \u00e9lective report\u00e9e \u00e0 une date ult\u00e9rieure sur demande de l&rsquo;Association internationale de boxe (AIBA).<\/p>\n<p>\u00a0<\/p>\n<p>29 d\u00e9cembre 2018 : l&rsquo;Assembl\u00e9e g\u00e9n\u00e9rale \u00e9lective report\u00e9e \u00e0 une date ult\u00e9rieure sur demande de l&rsquo;AIBA.<\/p>\n<p>\u00a0<\/p>\n<p>5 mai 2019 : Abdelmadjid Nehassia officiellement r\u00e9habilit\u00e9 par le nouveau ministre de la Jeunesse et des Sports, Raouf Salim Bernaoui, sur d\u00e9cision portant le num\u00e9ro 267.<\/p>\n<\/div>\n<p><img loading=\"lazy\" decoding=\"async\" src=\"http:\/\/feeds.feedburner.com\/~r\/aps-sport\/~4\/sPZXmm39Otg\" height=\"1\" width=\"1\" alt=\"\"><\/div>\n<p>Auteur:<br \/>\n<a href=\"http:\/\/www.aps.dz\/sport\/89417-federation-algerienne-de-boxe-les-dates-cles-de-la-crise?utm_source=feedburner&#038;utm_medium=feed&#038;utm_campaign=Feed%3A+aps-sport+%28APS+-+SPORT%29\">Cliquez ici pour lire l&rsquo;article depuis sa source.<\/a><\/p>\n","protected":false},"excerpt":{"rendered":"<p>ALGER &#8211; Dates-cl\u00e9s de la crise qui secoue la F\u00e9d\u00e9ration alg\u00e9rienne de boxe (FAB) depuis l&rsquo;\u00e9lection du pr\u00e9sident Abdelmadjid Nehassia \u00e0 la t\u00eate de l&rsquo;instance f\u00e9d\u00e9rale, le 4 mars 2017. \u00a0 4 mars 2017 : Abdelmadjid Nehassia, repr\u00e9sentant de la Ligue d&rsquo;A\u00efn-Defla, \u00e9lu pr\u00e9sident de la FAB. \u00a0 25 mai 2017 : le ministre de [&hellip;]<\/p>\n","protected":false},"author":1790,"featured_media":0,"comment_status":"closed","ping_status":"closed","sticky":false,"template":"","format":"standard","meta":{"fifu_image_url":"","fifu_image_alt":"","footnotes":""},"categories":[53,75],"tags":[],"class_list":["post-34279","post","type-post","status-publish","format-standard","hentry","category-algerie","category-sport"],"_links":{"self":[{"href":"https:\/\/linitiative.ca\/International\/wp-json\/wp\/v2\/posts\/34279","targetHints":{"allow":["GET"]}}],"collection":[{"href":"https:\/\/linitiative.ca\/International\/wp-json\/wp\/v2\/posts"}],"about":[{"href":"https:\/\/linitiative.ca\/International\/wp-json\/wp\/v2\/types\/post"}],"author":[{"embeddable":true,"href":"https:\/\/linitiative.ca\/International\/wp-json\/wp\/v2\/users\/1790"}],"replies":[{"embeddable":true,"href":"https:\/\/linitiative.ca\/International\/wp-json\/wp\/v2\/comments?post=34279"}],"version-history":[{"count":0,"href":"https:\/\/linitiative.ca\/International\/wp-json\/wp\/v2\/posts\/34279\/revisions"}],"wp:attachment":[{"href":"https:\/\/linitiative.ca\/International\/wp-json\/wp\/v2\/media?parent=34279"}],"wp:term":[{"taxonomy":"category","embeddable":true,"href":"https:\/\/linitiative.ca\/International\/wp-json\/wp\/v2\/categories?post=34279"},{"taxonomy":"post_tag","embeddable":true,"href":"https:\/\/linitiative.ca\/International\/wp-json\/wp\/v2\/tags?post=34279"}],"curies":[{"name":"wp","href":"https:\/\/api.w.org\/{rel}","templated":true}]}}