{"id":34285,"date":"2019-05-14T13:42:00","date_gmt":"2019-05-14T17:42:00","guid":{"rendered":"https:\/\/linitiative.ca\/International\/mauvaise-gestion-de-deniers-publics-la-cour-des-comptes-na-pas-transmis-de-rapports-a-la-justice\/"},"modified":"2019-05-14T13:42:00","modified_gmt":"2019-05-14T17:42:00","slug":"mauvaise-gestion-de-deniers-publics-la-cour-des-comptes-na-pas-transmis-de-rapports-a-la-justice","status":"publish","type":"post","link":"https:\/\/linitiative.ca\/International\/mauvaise-gestion-de-deniers-publics-la-cour-des-comptes-na-pas-transmis-de-rapports-a-la-justice\/","title":{"rendered":"MAUVAISE GESTION DE DENIERS PUBLICS : La Cour des comptes n\u2019a pas transmis de rapports \u00e0 la justice"},"content":{"rendered":"<p><br id=\"sep_para_1\" class=\"sep_para access\"\/><\/p>\n<div id=\"para_1\" class=\"para_30974352 resize\">\n<div class=\"texte access firstletter\">R\u00e9agissant \u00e0 des informations diffus\u00e9es par des m\u00e9dias concernant une \u00ab pr\u00e9tendue transmission de rapports d\u00e9taill\u00e9s sur la mauvaise gestion des deniers publics sur demande du Parquet g\u00e9n\u00e9ral concernant des dossiers en suspens durant la p\u00e9riode 2009-2019 \u00bb, la Cour des comptes \u00ab d\u00e9cline, en cons\u00e9quence, toute responsabilit\u00e9 vis-\u00e0-vis d\u2019informations qui n\u2019\u00e9manent pas officiellement de ses services habilit\u00e9s \u00e0 le faire \u00bb, a pr\u00e9cis\u00e9 la m\u00eame source. Institu\u00e9e en 1976, la Cour des comptes\u00a0 veille \u00e0 l\u2019utilisation r\u00e9guli\u00e8re et efficiente des fonds publics, la promotion de la transparence dans la gestion des finances publiques et le renforcement de la lutte contre la fraude. Elle est dot\u00e9e de 170 magistrats et de 45 v\u00e9rificateurs financiers. Sur quelque 10.000 comptes publics existants en Alg\u00e9rie, la Cour traite en moyenne 600 comptes\/an au niveau de ses huit chambres nationales et neuf chambres territoriales. Les comptes des minist\u00e8res sont examin\u00e9s annuellement dans le cadre du projet de loi sur le r\u00e8glement budg\u00e9taire de l\u2019exercice N-3, alors que les comptes des collectivit\u00e9s locales sont examin\u00e9s sur une p\u00e9riode de trois ans. Cela signifie que la Cour examine et apure annuellement les comptes de 600 communes environ, pour arriver \u00e0 examiner, au bout de trois ans au maximum, les comptes des 1.541 communes que compte le pays avant de recommencer l\u2019examen de nouveau. Suite \u00e0 l\u2019examen des comptes publics, la Cour, conclut le communiqu\u00e9, \u00e9labore son rapport annuel en plus de son rapport d\u2019appr\u00e9ciation sur le r\u00e8glement budg\u00e9taire.<\/div>\n<\/div>\n<p>Auteur: Ismain<br \/>\n<a href=\"https:\/\/www.reflexiondz.net\/MAUVAISE-GESTION-DE-DENIERS-PUBLICS-La-Cour-des-comptes-n-a-pas-transmis-de-rapports-a-la-justice_a55858.html\">Cliquez ici pour lire l&rsquo;article depuis sa source.<\/a><\/p>\n","protected":false},"excerpt":{"rendered":"<p>R\u00e9agissant \u00e0 des informations diffus\u00e9es par des m\u00e9dias concernant une \u00ab pr\u00e9tendue transmission de rapports d\u00e9taill\u00e9s sur la mauvaise gestion des deniers publics sur demande du Parquet g\u00e9n\u00e9ral concernant des dossiers en suspens durant la p\u00e9riode 2009-2019 \u00bb, la Cour des comptes \u00ab d\u00e9cline, en cons\u00e9quence, toute responsabilit\u00e9 vis-\u00e0-vis d\u2019informations qui n\u2019\u00e9manent pas officiellement de [&hellip;]<\/p>\n","protected":false},"author":1740,"featured_media":0,"comment_status":"closed","ping_status":"closed","sticky":false,"template":"","format":"standard","meta":{"fifu_image_url":"","fifu_image_alt":"","footnotes":""},"categories":[53,76],"tags":[],"class_list":["post-34285","post","type-post","status-publish","format-standard","hentry","category-algerie","category-regions"],"_links":{"self":[{"href":"https:\/\/linitiative.ca\/International\/wp-json\/wp\/v2\/posts\/34285","targetHints":{"allow":["GET"]}}],"collection":[{"href":"https:\/\/linitiative.ca\/International\/wp-json\/wp\/v2\/posts"}],"about":[{"href":"https:\/\/linitiative.ca\/International\/wp-json\/wp\/v2\/types\/post"}],"author":[{"embeddable":true,"href":"https:\/\/linitiative.ca\/International\/wp-json\/wp\/v2\/users\/1740"}],"replies":[{"embeddable":true,"href":"https:\/\/linitiative.ca\/International\/wp-json\/wp\/v2\/comments?post=34285"}],"version-history":[{"count":0,"href":"https:\/\/linitiative.ca\/International\/wp-json\/wp\/v2\/posts\/34285\/revisions"}],"wp:attachment":[{"href":"https:\/\/linitiative.ca\/International\/wp-json\/wp\/v2\/media?parent=34285"}],"wp:term":[{"taxonomy":"category","embeddable":true,"href":"https:\/\/linitiative.ca\/International\/wp-json\/wp\/v2\/categories?post=34285"},{"taxonomy":"post_tag","embeddable":true,"href":"https:\/\/linitiative.ca\/International\/wp-json\/wp\/v2\/tags?post=34285"}],"curies":[{"name":"wp","href":"https:\/\/api.w.org\/{rel}","templated":true}]}}