{"id":34288,"date":"2019-05-14T13:49:00","date_gmt":"2019-05-14T17:49:00","guid":{"rendered":"https:\/\/linitiative.ca\/International\/reclamant-le-changement-les-etudiants-marchent-a-nouveau\/"},"modified":"2019-05-14T13:49:00","modified_gmt":"2019-05-14T17:49:00","slug":"reclamant-le-changement-les-etudiants-marchent-a-nouveau","status":"publish","type":"post","link":"https:\/\/linitiative.ca\/International\/reclamant-le-changement-les-etudiants-marchent-a-nouveau\/","title":{"rendered":"RECLAMANT LE CHANGEMENT : Les \u00e9tudiants marchent \u00e0 nouveau"},"content":{"rendered":"<p><br id=\"sep_para_1\" class=\"sep_para access\"\/><\/p>\n<div id=\"para_1\" class=\"para_30974445 resize\">\n<div class=\"texte access firstletter\">Quelques milliers d\u2019\u00e9tudiants issus de diff\u00e9rentes facult\u00e9s d\u2019Alger, ont pacifiquement march\u00e9 ce mardi, comme les deux pr\u00e9c\u00e9dentes fois, pour r\u00e9clamer le d\u00e9part de \u00ab tous les hommes du syst\u00e8me \u00bb. En effet,\u00a0 ni le je\u00fbne, par ce mois de Ramadhan, ni la chaleur ne semble entamer la d\u00e9termination des \u00e9tudiants. Comme tous les mardis, ils ont une nouvelle fois occup\u00e9 les rues d\u2019Alger, \u00e0 l\u2019instar d\u2019autres wilayas dont Oran et Tizi Ouzou, pour crier haut et fort leur rejet irr\u00e9versible du syst\u00e8me politique en place.\u00a0 Tel un leitmotiv, les m\u00eames slogans-revendications reviennent chaque semaine encore. Ils sont \u00e0 chaque fois adapt\u00e9s \u00e0 l\u2019actualit\u00e9 de la semaine. Ainsi, apr\u00e8s \u00ab vous avez pill\u00e9 le pays, voleurs ! \u00bb, \u00ab Alg\u00e9rie libre et d\u00e9mocratique \u00bb,\u00a0 \u00ab Syst\u00e8me d\u00e9gage ! \u00bb, \u00ab ce pays est le n\u00f4tre et on fera ce qu\u2019on voudra \u00bb, la foule ajoute cette fois-ci \u00ab il n&rsquo;y aura pas d&rsquo;\u00e9lections yal issabate \u00bb. Devant le si\u00e8ge de l\u2019\u2019APN, les manifestants dont beaucoup \u00e9taient drap\u00e9s de l\u2019embl\u00e8me national, ont\u00a0 rejet\u00e9 l\u2019\u00e9lection pr\u00e9sidentielle du 4 juillet, appelant \u00e0 une transition avec \u00ab une personnalit\u00e9 consensuelle \u00bb. \u00ab Les \u00e9tudiants sont conscients, ils refusent la bande \u00bb, dans cette manifestation de \u00ab Soumoud \u00bb (R\u00e9sistance), qui a vu toutes les villes universitaires du pays y prendre part.\u00a0\u00a0<\/div>\n<\/div>\n<p>Auteur: Ismain<br \/>\n<a href=\"https:\/\/www.reflexiondz.net\/RECLAMANT-LE-CHANGEMENT-Les-etudiants-marchent-a-nouveau_a55864.html\">Cliquez ici pour lire l&rsquo;article depuis sa source.<\/a><\/p>\n","protected":false},"excerpt":{"rendered":"<p>Quelques milliers d\u2019\u00e9tudiants issus de diff\u00e9rentes facult\u00e9s d\u2019Alger, ont pacifiquement march\u00e9 ce mardi, comme les deux pr\u00e9c\u00e9dentes fois, pour r\u00e9clamer le d\u00e9part de \u00ab tous les hommes du syst\u00e8me \u00bb. En effet,\u00a0 ni le je\u00fbne, par ce mois de Ramadhan, ni la chaleur ne semble entamer la d\u00e9termination des \u00e9tudiants. Comme tous les mardis, ils [&hellip;]<\/p>\n","protected":false},"author":1740,"featured_media":0,"comment_status":"closed","ping_status":"closed","sticky":false,"template":"","format":"standard","meta":{"fifu_image_url":"","fifu_image_alt":"","footnotes":""},"categories":[53,76],"tags":[],"class_list":["post-34288","post","type-post","status-publish","format-standard","hentry","category-algerie","category-regions"],"_links":{"self":[{"href":"https:\/\/linitiative.ca\/International\/wp-json\/wp\/v2\/posts\/34288","targetHints":{"allow":["GET"]}}],"collection":[{"href":"https:\/\/linitiative.ca\/International\/wp-json\/wp\/v2\/posts"}],"about":[{"href":"https:\/\/linitiative.ca\/International\/wp-json\/wp\/v2\/types\/post"}],"author":[{"embeddable":true,"href":"https:\/\/linitiative.ca\/International\/wp-json\/wp\/v2\/users\/1740"}],"replies":[{"embeddable":true,"href":"https:\/\/linitiative.ca\/International\/wp-json\/wp\/v2\/comments?post=34288"}],"version-history":[{"count":0,"href":"https:\/\/linitiative.ca\/International\/wp-json\/wp\/v2\/posts\/34288\/revisions"}],"wp:attachment":[{"href":"https:\/\/linitiative.ca\/International\/wp-json\/wp\/v2\/media?parent=34288"}],"wp:term":[{"taxonomy":"category","embeddable":true,"href":"https:\/\/linitiative.ca\/International\/wp-json\/wp\/v2\/categories?post=34288"},{"taxonomy":"post_tag","embeddable":true,"href":"https:\/\/linitiative.ca\/International\/wp-json\/wp\/v2\/tags?post=34288"}],"curies":[{"name":"wp","href":"https:\/\/api.w.org\/{rel}","templated":true}]}}