{"id":34299,"date":"2019-05-14T05:10:35","date_gmt":"2019-05-14T09:10:35","guid":{"rendered":"https:\/\/linitiative.ca\/International\/tipasa-des-visites-ministerielles-a-la-sauvette\/"},"modified":"2019-05-14T05:10:35","modified_gmt":"2019-05-14T09:10:35","slug":"tipasa-des-visites-ministerielles-a-la-sauvette","status":"publish","type":"post","link":"https:\/\/linitiative.ca\/International\/tipasa-des-visites-ministerielles-a-la-sauvette\/","title":{"rendered":"Tipasa : Des visites minist\u00e9rielles \u00e0 la sauvette"},"content":{"rendered":"<h4 class=\"title-14\"\/>\n<p>Dans la matin\u00e9e d\u2019hier, selon nos diff\u00e9rentes sources, la wilaya de Tipasa a enregistr\u00e9 les visites \u00ab\u00e0 la sauvette\u00bb du DGSN, Abdelkader Kara Bouhadba, et celle du ministre des Travaux publics et des Transports, Mustapha Kouraba.<\/p>\n<p>Les deux hauts responsables sont venus s\u2019enqu\u00e9rir de la situation de leurs secteurs respectifs dans ce territoire \u00e9clabouss\u00e9 par moult scandales.<\/p>\n<p>Des projets surfactur\u00e9s qui ont largement d\u00e9pass\u00e9 leurs d\u00e9lais de r\u00e9ception pour le secteur des travaux publics, tandis que d\u2019autres, achev\u00e9s \u2013 le cas des si\u00e8ges de s\u00fbret\u00e9 urbaine et de la s\u00fbret\u00e9 de wilaya \u2013 mais d\u00e9pourvus d\u2019\u00e9quipements, entra\u00eenant des retards dans leur mise en service.<\/p>\n<p>Il est loin le temps o\u00f9 chaque responsable ameutait les journalistes de la presse \u00e9crite et audiovisuelle, lors de chaque d\u00e9placement officiel, afin de rapporter l\u2019information. Tout un protocole et un dispositif \u00e9taient mis en branle pour \u00abimpressionner\u00bb lors de chacune des haltes.<\/p>\n<p>A pr\u00e9sent, le d\u00e9placement de l\u2019officiel est tenu secret afin d\u2019\u00e9chapper aux comit\u00e9s d\u2019accueil que doivent lui r\u00e9server les populations, de surcro\u00eet par les temps qui courent, depuis le 22 f\u00e9vrier 2019. Les hauts responsables se contentent de la pr\u00e9sence de la cam\u00e9ra de l\u2019Unique, des micros de l\u2019APS et de la radio locale, afin de faire part de leurs missions officielles.<\/p>\n<p>Une nouvelle politique en mati\u00e8re de communication de la part du wali, l\u2019un des prot\u00e9g\u00e9s de l\u2019ex-ministre de l\u2019Int\u00e9rieur, Bedoui Noureddine, s\u2019est install\u00e9e volontairement depuis peu de temps. Cette \u00e9trange mani\u00e8re d\u2019organiser ces visites officielles suscite moult critiques et commentaires de la part des citoyens.<\/p>\n<p>Il n\u2019y a que les \u00absir\u00e8nes\u00bb des v\u00e9hicules des services de s\u00e9curit\u00e9 qui accompagnent les responsables qui brisent \u00able secret\u00bb des mouvements \u00e0 la sauvette de ces derniers.<\/p>\n<p>Les probl\u00e8mes des citoyens et la divulgation des d\u00e9tournements du foncier ont tous \u00e9t\u00e9 d\u00e9nonc\u00e9s par les repr\u00e9sentants de la presse priv\u00e9e, aujourd\u2019hui \u00e9cart\u00e9s lors de ces visites. Le syst\u00e8me et les pratiques n\u2019ont pas du tout chang\u00e9. Pourtant, le hirak demeure actif.<\/p>\n<div class=\"yuzo_related_post style-1\" data-version=\"5.12.88\">\n<p><h3>Related Post<\/h3>\n<\/p>\n<div class=\"yuzo_wraps\">\n<div class=\"relatedthumb relatedpost-154438 c11\"><a href=\"https:\/\/www.elwatan.com\/regions\/ouest\/oran\/nouvelles-de-doran-09-10-2018\"\/><\/p>\n<p><span class=\"yuzo__text--title c10\">Nouvelles de d\u2019Oran<\/span><\/div>\n<div class=\"relatedthumb relatedpost-568337 c11\"><a href=\"https:\/\/www.elwatan.com\/edition\/sports\/na-hussein-dey-1-mo-bejaia-0-le-nasria-entame-loperation-redressement-07-04-2019\"\/><\/p>\n<p><span class=\"yuzo__text--title c10\">NA Hussein Dey 1 \u2013 MO B\u00e9ja\u00efa 0 : Le Nasria e&#8230;<\/span><\/div>\n<div class=\"relatedthumb relatedpost-295330 c11\"><a href=\"https:\/\/www.elwatan.com\/edition\/culture\/josephine-zambo-cest-la-fin-dune-coupure-19-07-2009\"\/><\/p>\n<p><span class=\"yuzo__text--title c10\">Jos\u00e9phine Zambo : C\u2019est la fin d\u2019une coupure<\/span><\/div>\n<div class=\"relatedthumb relatedpost-440746 c11\"><a href=\"https:\/\/www.elwatan.com\/regions\/sud\/actu-sud\/el-menea-ghardaia-apres-10-ans-dinactivite-laeroport-reprend-du-service-2-14-11-2013\"\/><\/p>\n<p><span class=\"yuzo__text--title c10\">El M\u00e9n\u00e9a (Gharda\u00efa) : apr\u00e8s 10 ans d\u2019inactivit\u00e9, l&#8230;<\/span><\/div>\n<\/div>\n<\/div>\n<p><span class=\"post-views-label\">Post Views:<\/span> <span class=\"post-views-count\">1\u00a0110<\/span><\/p>\n<p>Auteur: Hicham Chouadria<br \/>\n<a href=\"https:\/\/www.elwatan.com\/edition\/actualite\/tipasa-des-visites-ministerielles-a-la-sauvette-14-05-2019\">Cliquez ici pour lire l&rsquo;article depuis sa source.<\/a><\/p>\n","protected":false},"excerpt":{"rendered":"<p>Dans la matin\u00e9e d\u2019hier, selon nos diff\u00e9rentes sources, la wilaya de Tipasa a enregistr\u00e9 les visites \u00ab\u00e0 la sauvette\u00bb du DGSN, Abdelkader Kara Bouhadba, et celle du ministre des Travaux publics et des Transports, Mustapha Kouraba. Les deux hauts responsables sont venus s\u2019enqu\u00e9rir de la situation de leurs secteurs respectifs dans ce territoire \u00e9clabouss\u00e9 par [&hellip;]<\/p>\n","protected":false},"author":1743,"featured_media":0,"comment_status":"closed","ping_status":"closed","sticky":false,"template":"","format":"standard","meta":{"fifu_image_url":"","fifu_image_alt":"","footnotes":""},"categories":[73,53],"tags":[],"class_list":["post-34299","post","type-post","status-publish","format-standard","hentry","category-actualite","category-algerie"],"_links":{"self":[{"href":"https:\/\/linitiative.ca\/International\/wp-json\/wp\/v2\/posts\/34299","targetHints":{"allow":["GET"]}}],"collection":[{"href":"https:\/\/linitiative.ca\/International\/wp-json\/wp\/v2\/posts"}],"about":[{"href":"https:\/\/linitiative.ca\/International\/wp-json\/wp\/v2\/types\/post"}],"author":[{"embeddable":true,"href":"https:\/\/linitiative.ca\/International\/wp-json\/wp\/v2\/users\/1743"}],"replies":[{"embeddable":true,"href":"https:\/\/linitiative.ca\/International\/wp-json\/wp\/v2\/comments?post=34299"}],"version-history":[{"count":0,"href":"https:\/\/linitiative.ca\/International\/wp-json\/wp\/v2\/posts\/34299\/revisions"}],"wp:attachment":[{"href":"https:\/\/linitiative.ca\/International\/wp-json\/wp\/v2\/media?parent=34299"}],"wp:term":[{"taxonomy":"category","embeddable":true,"href":"https:\/\/linitiative.ca\/International\/wp-json\/wp\/v2\/categories?post=34299"},{"taxonomy":"post_tag","embeddable":true,"href":"https:\/\/linitiative.ca\/International\/wp-json\/wp\/v2\/tags?post=34299"}],"curies":[{"name":"wp","href":"https:\/\/api.w.org\/{rel}","templated":true}]}}