{"id":34300,"date":"2019-05-14T05:15:19","date_gmt":"2019-05-14T09:15:19","guid":{"rendered":"https:\/\/linitiative.ca\/International\/me-aissa-rahmoun-membre-du-collectif-des-avocats-pour-la-dignite-et-le-changement-la-justice-est-toujours-un-mecanisme-de-reglement-de-comptes-entre-clans\/"},"modified":"2019-05-14T05:15:19","modified_gmt":"2019-05-14T09:15:19","slug":"me-aissa-rahmoun-membre-du-collectif-des-avocats-pour-la-dignite-et-le-changement-la-justice-est-toujours-un-mecanisme-de-reglement-de-comptes-entre-clans","status":"publish","type":"post","link":"https:\/\/linitiative.ca\/International\/me-aissa-rahmoun-membre-du-collectif-des-avocats-pour-la-dignite-et-le-changement-la-justice-est-toujours-un-mecanisme-de-reglement-de-comptes-entre-clans\/","title":{"rendered":"Me A\u00efssa Rahmoun. Membre du Collectif des avocats pour la dignit\u00e9 et le changement : \u00abLa justice est toujours un m\u00e9canisme de r\u00e8glement de comptes entre clans\u00bb"},"content":{"rendered":"<h4 class=\"title-14\"\/>\n<div class=\"featured_image\"><img width=\"241\" height=\"283\" data-cfsrc=\"https:\/\/www.elwatan.com\/wp-content\/uploads\/2019\/05\/Me-Aissa-Rahmoune.jpg\" class=\"attachment-post-thumbnail size-post-thumbnail wp-post-image c1\" alt=\"\"\/><noscript><\/p>\n<p><img loading=\"lazy\" decoding=\"async\" width=\"241\" height=\"283\" src=\"https:\/\/www.elwatan.com\/wp-content\/uploads\/2019\/05\/Me-Aissa-Rahmoune.jpg\" class=\"attachment-post-thumbnail size-post-thumbnail wp-post-image\" alt=\"\"\/><\/p>\n<p><\/noscript> <span class=\"featured-image-caption\">Me Aissa Rahmoune ( photo : D. R. )<\/span><\/div>\n<p><em><strong>Vous \u00eates membre du collectif des avocats pour la dignit\u00e9 et le changement de la wilaya de Tizi Ouzou ; pouvez-vous nous parler de votre action pr\u00e9vue aujourd\u2019hui ?<\/strong><\/em><\/p>\n<p>La marche des avocats d\u2019aujourd\u2019hui est venue suite \u00e0 l\u2019appel de l\u2019Union nationale des barreaux de tenir des rassemblements. Mais il se trouve que les robes noires de Tizi Ouzou ont, en plus de leur rassemblement, d\u00e9cid\u00e9 d\u2019occuper les art\u00e8res de la capitale du Djurdjura en organisant une marche. Les mots d\u2019ordre de cette action concordent avec les \u00e9v\u00e9nements que traverse le pays, comme ils sont \u00e9galement li\u00e9s au maintien de la mobilisation enclench\u00e9e le 22\u00a0f\u00e9vrier dernier pour le d\u00e9part du syst\u00e8me.<\/p>\n<p>Je tiens \u00e0 porter \u00e0 votre connaissance que les avocats de Tizi Ouzou se sont constitu\u00e9s en Coalition de la soci\u00e9t\u00e9 civile (CSCTO) qui est compos\u00e9e \u00e9galement des syndicats de l\u2019\u00e9ducation, des collectifs des journalistes, des m\u00e9decins, de l\u2019Union des commer\u00e7ants et de l\u2019Ordre des architectes.<\/p>\n<p>L\u2019objectif de la CSCTO est l\u2019alerte et l\u2019accompagnement de la r\u00e9volution du sourire. La Coalition vise, dans son ensemble, \u00e0 initier des d\u00e9bats citoyens autours des questions engageant l\u2019avenir de la jeunesse alg\u00e9rienne.<\/p>\n<p>C\u2019est dans cette optique et cette d\u00e9marche, d\u2019ailleurs, que nous avons organis\u00e9, vendredi dernier, le forum des libert\u00e9s dans la commune de Yakouren, avec le maire de cette localit\u00e9 qui, pour rappel, est le premier pr\u00e9sident d\u2019APC \u00e0 l\u2019\u00e9chelle nationale qui n\u2019a pas accept\u00e9 de r\u00e9viser le fichier \u00e9lectoral et d\u2019organiser la pr\u00e9paration de l\u2019\u00e9lection pr\u00e9sidentielle du 4 juillet.<\/p>\n<p>Il est aussi int\u00e9ressant de rappeler qu\u2019une lettre ouverte a \u00e9t\u00e9 adress\u00e9e par la CSCTO au chef d\u2019\u00e9tat-major de l\u2019ANP lui rappelant ses attributions l\u00e9gales, ses engagements devant le peuple, l\u2019imp\u00e9ratif du d\u00e9part des symboles du syst\u00e8me et d\u2019engager le pays sur la voie d\u2019une transition d\u00e9mocratique r\u00e9elle.<\/p>\n<p><em><strong>Quelle lecture faites-vous des arrestations d\u2019hommes d\u2019affaires, de personnalit\u00e9s politiques et d\u2019 anciens responsables op\u00e9r\u00e9es ces derni\u00e8res semaines\u00a0?<\/strong><\/em><\/p>\n<p>Je pense que les arrestations et les enqu\u00eates ouvertes visant des hommes d\u2019affaires et des personnalit\u00e9s politiques doivent r\u00e9pondre \u00e0 un souci de transparence l\u00e9gale et d\u2019une information judiciaire assur\u00e9e par le parquet g\u00e9n\u00e9ral, selon l\u2019article 11 de code de proc\u00e9dure p\u00e9nale.<\/p>\n<p>Cette avalanche d\u2019arrestations participe \u00e0 la confusion et au d\u00e9tournement des objectifs r\u00e9els et des demandes populaires. Il est \u00e0 d\u00e9plorer que la justice est toujours un m\u00e9canisme par lequel les clans au pouvoir r\u00e8glent leurs comptes.<\/p>\n<p>Par ailleurs, le peuple alg\u00e9rien demande justice et r\u00e9paration. Effectivement, la revendication \u00ab\u00a0Yethasbou Ga\u00e2\u00bb est toujours d\u2019actualit\u00e9.<\/p>\n<p>Mais, en tant que juriste et homme de droit, je dois dire que cela ne peut se passer que dans une atmosph\u00e8re d\u2019Etat de droit et de s\u00e9paration des pouvoirs, o\u00f9 la justice sera totalement ind\u00e9pendante, dans le m\u00e9canisme de la justice transitionnelle, o\u00f9 les esprits seront apais\u00e9s, avec des institutions l\u00e9gitimes et cr\u00e9dibles.<\/p>\n<p><em><strong>Le Syndicat national des magistrats met en garde \u00abceux qui voudraient porter atteinte \u00e0 l\u2019ind\u00e9pendance de la justice\u00bb. Comment voyez-vous cette sortie du SNM\u00a0?<\/strong><\/em><\/p>\n<p>Il faut rappeler que le Syndicat national des magistrats a, de tout temps, \u00e9t\u00e9 inf\u00e9od\u00e9 au r\u00e9gime politique et ex\u00e9cutif. L\u2019\u00e9lection du nouveau Syndicat et de son bureau, par sa composante, nous indique qu\u2019il y a une volont\u00e9 des magistrats de s\u2019autonomiser et de se lib\u00e9rer des contraintes socioprofessionnelles, voire une d\u00e9fiance du r\u00e9gime politique autoritaire.<\/p>\n<p>Dans la d\u00e9claration du SNM, on peut relever des nuances plut\u00f4t positives. On constate qu\u2019il ya un message clair, adress\u00e9 aux habitu\u00e9s de la justice du t\u00e9l\u00e9phone.<\/p>\n<p>Cette pratique est d\u00e9sormais r\u00e9volue. Par ailleurs, le SNM refuse toute pression de la rue et des aventuriers politiques de tous bords. Tant mieux si les juges ne subissent aucune pression.<\/p>\n<div class=\"yuzo_related_post style-1\" data-version=\"5.12.88\">\n<p><h3>Related Post<\/h3>\n<\/p>\n<div class=\"yuzo_wraps\">\n<div class=\"relatedthumb relatedpost-373933 c11\"><a href=\"https:\/\/www.elwatan.com\/regions\/kabylie\/bejaia\/sidi-aich-des-atouts-pour-un-renouveau-agricole-23-12-2018\"\/><\/p>\n<p><span class=\"yuzo__text--title c10\">Sidi a\u00efch : Des atouts pour un renouveau agricole<\/span><\/div>\n<div class=\"relatedthumb relatedpost-330212 c11\"><a href=\"https:\/\/www.elwatan.com\/edito\/a-quoi-sert-le-pacte-sur-les-migrations-15-12-2018\"\/><\/p>\n<p><span class=\"yuzo__text--title c10\">A quoi sert le pacte sur les migrations ?<\/span><\/div>\n<div class=\"relatedthumb relatedpost-573247 c11\"><a href=\"https:\/\/www.elwatan.com\/point-zero\/le-bureau-de-vote-del-harrach-25-04-2019\"\/><\/p>\n<p><span class=\"yuzo__text--title c10\">Le bureau de vote d\u2019El Harrach<\/span><\/div>\n<div class=\"relatedthumb relatedpost-555504 c11\"><a href=\"https:\/\/www.elwatan.com\/edition\/actualite\/des-examens-multimedia-pour-bientot-28-01-2019\"\/><\/p>\n<p><span class=\"yuzo__text--title c10\">Des examens multim\u00e9dia pour bient\u00f4t<\/span><\/div>\n<\/div>\n<\/div>\n<p><span class=\"post-views-label\">Post Views:<\/span> <span class=\"post-views-count\">873<\/span><\/p>\n<p>Auteur: Hicham Chouadria<br \/>\n<a href=\"https:\/\/www.elwatan.com\/edition\/actualite\/me-aissa-rahmoun-membre-du-collectif-des-avocats-pour-la-dignite-et-le-changement-la-justice-est-toujours-un-mecanisme-de-reglement-de-comptes-entre-clans-14-05-2019\">Cliquez ici pour lire l&rsquo;article depuis sa source.<\/a><\/p>\n","protected":false},"excerpt":{"rendered":"<p>Me Aissa Rahmoune ( photo : D. R. ) Vous \u00eates membre du collectif des avocats pour la dignit\u00e9 et le changement de la wilaya de Tizi Ouzou ; pouvez-vous nous parler de votre action pr\u00e9vue aujourd\u2019hui ? La marche des avocats d\u2019aujourd\u2019hui est venue suite \u00e0 l\u2019appel de l\u2019Union nationale des barreaux de tenir [&hellip;]<\/p>\n","protected":false},"author":1743,"featured_media":34301,"comment_status":"closed","ping_status":"closed","sticky":false,"template":"","format":"standard","meta":{"fifu_image_url":"","fifu_image_alt":"","footnotes":""},"categories":[73,53],"tags":[],"class_list":["post-34300","post","type-post","status-publish","format-standard","has-post-thumbnail","hentry","category-actualite","category-algerie"],"_links":{"self":[{"href":"https:\/\/linitiative.ca\/International\/wp-json\/wp\/v2\/posts\/34300","targetHints":{"allow":["GET"]}}],"collection":[{"href":"https:\/\/linitiative.ca\/International\/wp-json\/wp\/v2\/posts"}],"about":[{"href":"https:\/\/linitiative.ca\/International\/wp-json\/wp\/v2\/types\/post"}],"author":[{"embeddable":true,"href":"https:\/\/linitiative.ca\/International\/wp-json\/wp\/v2\/users\/1743"}],"replies":[{"embeddable":true,"href":"https:\/\/linitiative.ca\/International\/wp-json\/wp\/v2\/comments?post=34300"}],"version-history":[{"count":0,"href":"https:\/\/linitiative.ca\/International\/wp-json\/wp\/v2\/posts\/34300\/revisions"}],"wp:featuredmedia":[{"embeddable":true,"href":"https:\/\/linitiative.ca\/International\/wp-json\/"}],"wp:attachment":[{"href":"https:\/\/linitiative.ca\/International\/wp-json\/wp\/v2\/media?parent=34300"}],"wp:term":[{"taxonomy":"category","embeddable":true,"href":"https:\/\/linitiative.ca\/International\/wp-json\/wp\/v2\/categories?post=34300"},{"taxonomy":"post_tag","embeddable":true,"href":"https:\/\/linitiative.ca\/International\/wp-json\/wp\/v2\/tags?post=34300"}],"curies":[{"name":"wp","href":"https:\/\/api.w.org\/{rel}","templated":true}]}}