{"id":34309,"date":"2019-05-14T10:41:24","date_gmt":"2019-05-14T14:41:24","guid":{"rendered":"https:\/\/linitiative.ca\/International\/3e-rassemblement-a-ghardaia-pour-reclamer-la-liberation-de-fekhar-et-aouf\/"},"modified":"2019-05-14T10:41:24","modified_gmt":"2019-05-14T14:41:24","slug":"3e-rassemblement-a-ghardaia-pour-reclamer-la-liberation-de-fekhar-et-aouf","status":"publish","type":"post","link":"https:\/\/linitiative.ca\/International\/3e-rassemblement-a-ghardaia-pour-reclamer-la-liberation-de-fekhar-et-aouf\/","title":{"rendered":"3e rassemblement \u00e0 Gharda\u00efa pour r\u00e9clamer la lib\u00e9ration de Fekhar et Aouf"},"content":{"rendered":"<h4 class=\"title-14\"\/>\n<div class=\"featured_image\"><img width=\"640\" height=\"360\" data-cfsrc=\"https:\/\/www.elwatan.com\/wp-content\/uploads\/2019\/05\/ghardaia-3.jpg\" class=\"attachment-post-thumbnail size-post-thumbnail wp-post-image c1\" alt=\"\" srcset=\"https:\/\/www.elwatan.com\/wp-content\/uploads\/2019\/05\/ghardaia-3.jpg 640w, https:\/\/www.elwatan.com\/wp-content\/uploads\/2019\/05\/ghardaia-3-300x169.jpg 300w\" sizes=\"(max-width: 640px) 100vw, 640px\"\/><noscript><\/p>\n<p><img loading=\"lazy\" decoding=\"async\" width=\"640\" height=\"360\" src=\"https:\/\/www.elwatan.com\/wp-content\/uploads\/2019\/05\/ghardaia-3.jpg\" class=\"attachment-post-thumbnail size-post-thumbnail wp-post-image\" alt=\"\" srcset=\"https:\/\/www.elwatan.com\/wp-content\/uploads\/2019\/05\/ghardaia-3.jpg 640w, https:\/\/www.elwatan.com\/wp-content\/uploads\/2019\/05\/ghardaia-3-300x169.jpg 300w\" sizes=\"auto, (max-width: 640px) 100vw, 640px\"\/><\/p>\n<p><\/noscript> <span class=\"featured-image-caption\">Sit-in \u00e0 Ghardaia en soutien aux d\u00e9tenus mozabites. Photo : Djamel K.<\/span><\/div>\n<p><strong>Une centaine de Mozabites ont organis\u00e9, mardi \u00e0 partir de 10h30, un rassemblement de soutien aux d\u00e9tenus mozabites, en l\u2019occurrence le Dr Kamel Eddine Fekhar, Hadj Brahim Aouf, Ahmed Lassakeur,\u00a0Nordine Tichabet, Idriss Kheyat et Mohamed Baba Nedjar.<\/strong><\/p>\n<p>\u00ab\u00a0Lib\u00e9rez les innocents\u00a0!\u00a0\u00bb, \u00ab\u00a0apr\u00e8s 44 jours de gr\u00e8ve de la faim, leurs vies sont en danger\u00a0\u00bb, \u00ab\u00a0vous les aurez sur votre consciences\u00a0\u00a0\u00bb, \u00ab\u00a0\u00e0 Gharda\u00efa, le m\u00e9decin en prison, le professeur de physique en prison et l\u2019avocat sous contr\u00f4le judiciaire, o\u00f9 est la justice\u00a0?\u00a0\u00bb\u00a0, r\u00e9p\u00e9taient sans cesse la centaine de Mozabites venus apporter leurs soutiens et appeler \u00e0 la lib\u00e9ration du Docteur Kamel Eddine Fekhar et de l\u2019enseignant de physique, Hadj Brahim Aouf, hospitalis\u00e9s depuis deux semaines et qui en sont \u00e0 leur 44\u00e8me jour de gr\u00e8ve de la faim\u00a0.<\/p>\n<p>\u00ab\u00a0Leur \u00e9tat de sant\u00e9 s\u2019est gravement d\u00e9t\u00e9rior\u00e9 et leurs vies sont en danger patent\u00a0.Ils sont hospitalis\u00e9s depuis deux semaines \u00e0 l\u2019h\u00f4pital Dr Brahim Tirichine de Sidi Abbaz\u00a0\u00bb d\u00e9clare \u00e0 la presse un des manifestants, qui ajoute \u00ab\u00a0ils refusent de suspendre leurs gr\u00e8ves de la faim. Innocents, ils veulent aller jusqu\u2019au bout, soit leur lib\u00e9ration soit la mort en prison. Et l\u00e0 qui en assumera la responsabilit\u00e9\u00a0?\u00a0\u00bb.<\/p>\n<p>Encadr\u00e9 par un impressionnant cordon de s\u00e9curit\u00e9, une centaine de Mozabites ont organis\u00e9, mardi \u00e0 partir de 10h30 , un rassemblement de soutien aux d\u00e9tenus mozabites, en l\u2019occurrence le Dr Kamel Eddine Fekhar, l\u2019enseignant Hadj Brahim Aouf, mais aussi, et portraits brandis \u00e0 l\u2019appui, Ahmed Lassakeur,\u00a0 Nordine Tichabet, Idriss Kheyat et Mohamed Baba Nedjar dont ils brandissaient \u00e0 bouts de bras les portraits au milieu de l\u2019embl\u00e8me national et l\u2019embl\u00e8me amazigh. R\u00e9p\u00e9tant \u00e0 gorges d\u00e9ploy\u00e9es \u00ab\u00a0lib\u00e9rez les prisonniers d\u2019opinions\u00a0\u00bb, \u00ab\u00a0halte au racisme envers les mozabites\u00a0\u00bb et \u00ab\u00a0lib\u00e9rer les innocents, les coupables sont dehors\u00a0\u00bb, ils ont appel\u00e9 les autorit\u00e9s \u00e0 \u00e9viter la r\u00e9p\u00e9tition du drame de Mohamed Tamalt, journaliste mort en prison, faisant r\u00e9f\u00e9rence \u00e0 la gr\u00e8ve de la faim entam\u00e9e depuis 44 jours par le Docteur Kamel Eddine Fekhar et le professeur de physique Hadj Brahim Khiat et dont l\u2019\u00e9tat de sant\u00e9 \u00ab\u00a0se serait aggrav\u00e9\u00a0\u00a0\u00bb.<\/p>\n<p>Prenant la parole, un des manifestants a appel\u00e9 les autorit\u00e9s judiciaires \u00ab\u00a0\u00e0 lib\u00e9rer l\u2019enseignant Hadj Brahim Aouf , professeur de physique au lyc\u00e9e de Zelfana qui n\u2019a fait, comme des millions d\u2019Alg\u00e9riens, qu\u2019exprimer son opinion sur des affaires de malversations\u00a0.\u00a0\u00bb Il ajoute\u00a0: \u00ab\u00a0<em>nous ne sommes pas contre la justice, bien au contraire, elle se doit d\u2019\u00eatre appliqu\u00e9e avec \u00e9quit\u00e9 envers tous les Alg\u00e9riens. Mais nous restons sceptiques devant l\u2019arrestation d\u2019un professeur de Lyc\u00e9e qui n\u2019a fait qu\u2019exprimer ses opinions. Pourquoi est-il en prison\u00a0? Est-ce qu\u2019il constitue un danger pour le pays\u00a0? Nous avons le devoir d\u2019alerter l\u2019opinion publique sur le danger qui\u00a0 menace la vie de notre coll\u00e8gue qui a entam\u00e9 une gr\u00e8ve de la faim depuis sa 1\u00e8re journ\u00e9e d\u2019incarc\u00e9ration, il y a de cela 44 jours. Cette gr\u00e8ve de la faim, qu\u2019il refuse d\u2019arr\u00eater, constitue un danger imminent sur sa sant\u00e9. D\u00e9j\u00e0, tout le monde a vu qu\u2019il ne peut m\u00eame pas marcher et que pour \u00eatre entendu par le magistrat instructeur, il a \u00e9t\u00e9 ramen\u00e9 la derni\u00e8re fois sur une chaise pour \u00eatre pr\u00e9sent\u00e9 au magistrat instructeur.\u00a0Pour le docteur Kamel Eddine Fekhar, c\u2019est la m\u00eame chose. Que fait-il en prison\u00a0? Il ne lui a pas suffi les deux ann\u00e9es qu\u2019il avait d\u00e9j\u00e0 pass\u00e9 dans les pires bagnes d\u2019Alg\u00e9rie et toutes les gr\u00e8ves de la faim qu\u2019il avait \u00a0entam\u00e9e pour crier son innocence\u00a0? Non sa place n\u2019est pas en prison mais aupr\u00e8s de ses malades.\u00bb \u00a0Puis apr\u00e8s un court silence, il ass\u00e8ne \u00ab\u00a0n\u2019en faisons pas d\u2019eux d\u2019autres \u00a0Mohamed Tamalt, ils ne m\u00e9ritent pas le sort qu\u2019il leur est fait.<\/em>\u00a0\u00bb<\/p>\n<p>Apr\u00e8s avoir organis\u00e9 un sit-in de plus d\u2019une heure devant tribunal et scand\u00e9 plusieurs slogans appelant \u00e0 la lib\u00e9ration \u00ab\u00a0de tous les d\u00e9tenus d\u2019opinion du Mzab\u00a0\u00bb, les manifestants ont chang\u00e9s de lieu de protestation en se d\u00e9pla\u00e7ant face aux grilles du si\u00e8ge de la wilaya a, prot\u00e9g\u00e9e par un imposant cordon de s\u00e9curit\u00e9, o\u00f9 ils ont organis\u00e9s un autre sit-in d\u2019un quart d\u2019heure avant de repartir en organisant une marche du boulevard \u00c9mir Abdelkader jusqu\u2019 \u00e0 la vieille place du march\u00e9 de Gharda\u00efa o\u00f9 ils se sont dispers\u00e9s dans le calme. Bien encadr\u00e9s par les services de s\u00e9curit\u00e9 qui ont intelligemment g\u00e9r\u00e9 l\u2019\u00e9v\u00e8nement, tout s\u2019est pass\u00e9 dans le calme sans le moindre d\u00e9rapage ni d\u00e9passement.<\/p>\n<p>M\u00eame s\u2019ils ont \u00e9t\u00e9 les plus r\u00e9clam\u00e9s par la foule des manifestants, Kamel Eddine Fekhar et Hadj Brahim Aouf\u00a0 ne sont pas les seuls d\u00e9tenus Mozabites dont le nom a \u00e9t\u00e9 scand\u00e9 pour demander leur la lib\u00e9ration. Sur les portraits brandis, les visages de quatre autres mozabites, incarc\u00e9r\u00e9s dans deux affaires diff\u00e9rentes, les premiers, en l\u2019occurrence Nordine Tichabet et Idriss Kheyat, ont \u00e9t\u00e9 condamn\u00e9s mardi 26 mars 2019 par la cour criminelle de Gharda\u00efa, \u00e0 dix ans de prison chacun , accus\u00e9s du meurtre du notable mozabite Omar Allout, l\u00e2chement et mortellement attaqu\u00e9 \u00e0 l\u2019arme blanche par un groupuscule d\u2019assassins chez lui, dans son jardin, le 18 octobre, d\u00e9c\u00e9d\u00e9 le 23 octobre 2016 \u00e0 l\u2019h\u00f4pital du Dr Brahim Tirichine de Gharda\u00efa des suites de ses blessures.<\/p>\n<p>Un communiqu\u00e9 diffus\u00e9, \u00e0 l\u2019\u00e9poque sur internet par un groupuscule inconnu avait, juste apr\u00e8s, promis \u00e9galement d\u2019assassiner d\u2019autres notables black list\u00e9s. Quant au Docteur Kamel Eddine Fekhar et Hadj Brahim Aouf, ils ont \u00e9t\u00e9 interpell\u00e9s cinq jours plus tard, soit le 31 mars, et apr\u00e8s 48 heures pass\u00e9es dans les locaux de la police judiciaire de la s\u00fbret\u00e9 de wilaya de Gharda\u00efa, ils ont \u00e9t\u00e9 pr\u00e9sent\u00e9s le mardi 2 avril devant le procureur de la r\u00e9publique pr\u00e8s le tribunal de Gharda\u00efa qui les avait d\u00e9f\u00e9r\u00e9s devant le magistrat instructeur. Apr\u00e8s les avoir longuement entendu, lui et son compagnon Aouf Hadj Brahim, le juge d\u2019instruction les a plac\u00e9s sous mandat de d\u00e9p\u00f4t pour des accusations tr\u00e8s graves, \u00e0 savoir atteinte \u00e0 la s\u00e9curit\u00e9 nationale, incitation \u00e0 la violence raciale, incitation \u00e0 l\u2019attroupement arm\u00e9, outrage aux institutions de l\u2019\u00e9tat, notamment le corps de la justice. Ils ont \u00e9t\u00e9 \u00e9crou\u00e9s \u00e0 la prison de Ch\u00e2abet Ennich\u00e8ne de Gharda\u00efa.<\/p>\n<p>Pour rappel, le docteur Kamel Eddine Fekhar, a \u00e9t\u00e9 lib\u00e9r\u00e9 le dimanche 16 juillet de la prison de M\u00e9d\u00e9a apr\u00e8s avoir purg\u00e9 une peine de deux ans de prison. Arr\u00eat\u00e9 durant la nuit du jeudi 09 juillet 2015, soit deux jours apr\u00e8s les sanglants affrontements 07 juillet 2015 \u00e0 Guerrara, ou 22 personnes, en majorit\u00e9 des Mozabites, ont \u00e9t\u00e9 tu\u00e9es, il a \u00e9t\u00e9 condamn\u00e9 \u00e0 deux ans de prison ferme pour \u201catteinte \u00e0 la s\u00fbret\u00e9 de l\u2019Etat\u201d et \u201cincitation \u00e0 la haine raciale\u201d. Ce n\u2019est qu\u2019apr\u00e8s 23 mois pass\u00e9s en prison et apr\u00e8s entam\u00e9 en janvier 2017 une longue gr\u00e8ve de la faim pour d\u00e9noncer sa d\u00e9tention sans proc\u00e8s, que son dossier judiciaire se d\u00e9canta. Mais auparavant et apr\u00e8s une grande mobilisation et une campagne de solidarit\u00e9 en sa faveur,\u00a0dont une longue marche entam\u00e9e par son avocat,\u00a0Me Dabouz, que Kamel Eddine Fekhar a d\u00e9cid\u00e9 de suspendre sa gr\u00e8ve en avril de la m\u00eame ann\u00e9e. Son proc\u00e8s a eu lieu le mois d\u2019apr\u00e8s, en Mai 2017. Ayant totalement purg\u00e9 sa peine de deux ann\u00e9es fermes, il a \u00e9t\u00e9 remis en libert\u00e9 le dimanche 16 juillet 2017. <strong>Djamel \u2013 K<\/strong><\/p>\n<div class=\"yuzo_related_post style-1\" data-version=\"5.12.88\">\n<p><h3>Related Post<\/h3>\n<\/p>\n<div class=\"yuzo_wraps\">\n<div class=\"relatedthumb relatedpost-560010 c11\"><a href=\"https:\/\/www.elwatan.com\/regions\/sud\/actu-sud\/ghardaia-un-jeune-homme-poignarde-en-plein-coeur-23-02-2019\"\/><\/p>\n<p><span class=\"yuzo__text--title c10\">Gharda\u00efa : un jeune homme poignard\u00e9 en plein c\u0153ur&#8230;<\/span><\/div>\n<div class=\"relatedthumb relatedpost-154110 c11\"><a href=\"https:\/\/www.elwatan.com\/edition\/actualite\/on-vous-le-dit-77-06-10-2018\"\/><\/p>\n<p><span class=\"yuzo__text--title c10\">On vous le dit<\/span><\/div>\n<div class=\"relatedthumb relatedpost-568503 c11\"><a href=\"https:\/\/www.elwatan.com\/edition\/actualite\/lavocat-salah-dabouz-libere-08-04-2019\"\/><\/p>\n<p><span class=\"yuzo__text--title c10\">L\u2019avocat Salah Dabbouz plac\u00e9 sous contr\u00f4le judicia&#8230;<\/span><\/div>\n<div class=\"relatedthumb relatedpost-572569 c11\"><a href=\"https:\/\/www.elwatan.com\/edition\/actualite\/rassemblement-devant-le-tribunal-de-ghardaia-pour-reclamer-la-liberation-des-detenus-mozabites-23-04-2019\"\/><\/p>\n<p><span class=\"yuzo__text--title c10\">Rassemblement devant le tribunal de Gharda\u00efa pour &#8230;<\/span><\/div>\n<\/div>\n<\/div>\n<p><span class=\"post-views-label\">Post Views:<\/span> <span class=\"post-views-count\">563<\/span><\/p>\n<p>Auteur: Farouk Djouadi<br \/>\n<a href=\"https:\/\/www.elwatan.com\/edition\/actualite\/3e-rassemblement-a-ghardaia-pour-reclamer-la-liberation-de-fekhar-et-aouf-14-05-2019\">Cliquez ici pour lire l&rsquo;article depuis sa source.<\/a><\/p>\n","protected":false},"excerpt":{"rendered":"<p>Sit-in \u00e0 Ghardaia en soutien aux d\u00e9tenus mozabites. Photo : Djamel K. Une centaine de Mozabites ont organis\u00e9, mardi \u00e0 partir de 10h30, un rassemblement de soutien aux d\u00e9tenus mozabites, en l\u2019occurrence le Dr Kamel Eddine Fekhar, Hadj Brahim Aouf, Ahmed Lassakeur,\u00a0Nordine Tichabet, Idriss Kheyat et Mohamed Baba Nedjar. \u00ab\u00a0Lib\u00e9rez les innocents\u00a0!\u00a0\u00bb, \u00ab\u00a0apr\u00e8s 44 jours [&hellip;]<\/p>\n","protected":false},"author":1743,"featured_media":34310,"comment_status":"closed","ping_status":"closed","sticky":false,"template":"","format":"standard","meta":{"fifu_image_url":"","fifu_image_alt":"","footnotes":""},"categories":[73,53],"tags":[],"class_list":["post-34309","post","type-post","status-publish","format-standard","has-post-thumbnail","hentry","category-actualite","category-algerie"],"_links":{"self":[{"href":"https:\/\/linitiative.ca\/International\/wp-json\/wp\/v2\/posts\/34309","targetHints":{"allow":["GET"]}}],"collection":[{"href":"https:\/\/linitiative.ca\/International\/wp-json\/wp\/v2\/posts"}],"about":[{"href":"https:\/\/linitiative.ca\/International\/wp-json\/wp\/v2\/types\/post"}],"author":[{"embeddable":true,"href":"https:\/\/linitiative.ca\/International\/wp-json\/wp\/v2\/users\/1743"}],"replies":[{"embeddable":true,"href":"https:\/\/linitiative.ca\/International\/wp-json\/wp\/v2\/comments?post=34309"}],"version-history":[{"count":0,"href":"https:\/\/linitiative.ca\/International\/wp-json\/wp\/v2\/posts\/34309\/revisions"}],"wp:featuredmedia":[{"embeddable":true,"href":"https:\/\/linitiative.ca\/International\/wp-json\/"}],"wp:attachment":[{"href":"https:\/\/linitiative.ca\/International\/wp-json\/wp\/v2\/media?parent=34309"}],"wp:term":[{"taxonomy":"category","embeddable":true,"href":"https:\/\/linitiative.ca\/International\/wp-json\/wp\/v2\/categories?post=34309"},{"taxonomy":"post_tag","embeddable":true,"href":"https:\/\/linitiative.ca\/International\/wp-json\/wp\/v2\/tags?post=34309"}],"curies":[{"name":"wp","href":"https:\/\/api.w.org\/{rel}","templated":true}]}}