{"id":34311,"date":"2019-05-14T11:47:45","date_gmt":"2019-05-14T15:47:45","guid":{"rendered":"https:\/\/linitiative.ca\/International\/affaire-du-general-hassan-le-pourvoi-en-cassation-enrole-pour-le-22-mai-prochain\/"},"modified":"2019-05-14T11:47:45","modified_gmt":"2019-05-14T15:47:45","slug":"affaire-du-general-hassan-le-pourvoi-en-cassation-enrole-pour-le-22-mai-prochain","status":"publish","type":"post","link":"https:\/\/linitiative.ca\/International\/affaire-du-general-hassan-le-pourvoi-en-cassation-enrole-pour-le-22-mai-prochain\/","title":{"rendered":"Affaire du g\u00e9n\u00e9ral Hassan : le pourvoi en cassation enr\u00f4l\u00e9 pour le 22 mai prochain"},"content":{"rendered":"<h4 class=\"title-14\"\/>\n<p>Le pourvoi en cassation contre la condamnation du g\u00e9n\u00e9ral Hassen, ancien chef de l\u2019unit\u00e9 d\u2019\u00e9lite du Scorat (Service de coordination op\u00e9rationnelle et de renseignement antiterroriste), qui relevait de l\u2019ex-DRS (D\u00e9partement de renseignement et de s\u00e9curit\u00e9), par le tribunal militaire de Mers El Kebir, \u00e0 Oran, militaire d\u2019Oran, vient d\u2019\u00eatre programm\u00e9 pour le 22 mai prochain.<\/p>\n<p>Ainsi, le plus ancien dossier militaire pendant au niveau de la cour supr\u00eame, est enr\u00f4l\u00e9 apr\u00e8s trois ans d\u2019attente pour des raisons rest\u00e9es m\u00e9connues.<\/p>\n<p>Le g\u00e9n\u00e9ral Hassen, de son vrai nom Abdelkader Ait Ouarabi, \u00a0avait \u00e9t\u00e9 arr\u00eat\u00e9 au mois d\u2019ao\u00fbt 2015, et d\u00e9f\u00e9r\u00e9 devant le juge d\u2019instruction pr\u00e9s le tribunal militaire de Blida, pour \u00ab\u00a0destruction de document et infractions aux consignes militaires\u00a0\u00bb.<\/p>\n<p>Trois mois apr\u00e8s, il comparait devant le tribunal militaire de Mers El Kebir, \u00e0 Oran, qui le condamne \u00e0 5 ans de r\u00e9clusion criminelle.<\/p>\n<p><span class=\"post-views-label\">Post Views:<\/span> <span class=\"post-views-count\">1\u00a0504<\/span><\/p>\n<p>Auteur: Mourad Hachid<br \/>\n<a href=\"https:\/\/www.elwatan.com\/edition\/actualite\/affaire-du-general-hassan-le-pourvoi-en-cassation-enrole-pour-le-22-mai-prochain-14-05-2019\">Cliquez ici pour lire l&rsquo;article depuis sa source.<\/a><\/p>\n","protected":false},"excerpt":{"rendered":"<p>Le pourvoi en cassation contre la condamnation du g\u00e9n\u00e9ral Hassen, ancien chef de l\u2019unit\u00e9 d\u2019\u00e9lite du Scorat (Service de coordination op\u00e9rationnelle et de renseignement antiterroriste), qui relevait de l\u2019ex-DRS (D\u00e9partement de renseignement et de s\u00e9curit\u00e9), par le tribunal militaire de Mers El Kebir, \u00e0 Oran, militaire d\u2019Oran, vient d\u2019\u00eatre programm\u00e9 pour le 22 mai prochain. [&hellip;]<\/p>\n","protected":false},"author":1743,"featured_media":0,"comment_status":"closed","ping_status":"closed","sticky":false,"template":"","format":"standard","meta":{"fifu_image_url":"","fifu_image_alt":"","footnotes":""},"categories":[73,53],"tags":[],"class_list":["post-34311","post","type-post","status-publish","format-standard","hentry","category-actualite","category-algerie"],"_links":{"self":[{"href":"https:\/\/linitiative.ca\/International\/wp-json\/wp\/v2\/posts\/34311","targetHints":{"allow":["GET"]}}],"collection":[{"href":"https:\/\/linitiative.ca\/International\/wp-json\/wp\/v2\/posts"}],"about":[{"href":"https:\/\/linitiative.ca\/International\/wp-json\/wp\/v2\/types\/post"}],"author":[{"embeddable":true,"href":"https:\/\/linitiative.ca\/International\/wp-json\/wp\/v2\/users\/1743"}],"replies":[{"embeddable":true,"href":"https:\/\/linitiative.ca\/International\/wp-json\/wp\/v2\/comments?post=34311"}],"version-history":[{"count":0,"href":"https:\/\/linitiative.ca\/International\/wp-json\/wp\/v2\/posts\/34311\/revisions"}],"wp:attachment":[{"href":"https:\/\/linitiative.ca\/International\/wp-json\/wp\/v2\/media?parent=34311"}],"wp:term":[{"taxonomy":"category","embeddable":true,"href":"https:\/\/linitiative.ca\/International\/wp-json\/wp\/v2\/categories?post=34311"},{"taxonomy":"post_tag","embeddable":true,"href":"https:\/\/linitiative.ca\/International\/wp-json\/wp\/v2\/tags?post=34311"}],"curies":[{"name":"wp","href":"https:\/\/api.w.org\/{rel}","templated":true}]}}