{"id":34313,"date":"2019-05-14T08:37:00","date_gmt":"2019-05-14T12:37:00","guid":{"rendered":"https:\/\/linitiative.ca\/International\/olfa-soukri-cherif-deputee-a-larp-ce-qui-decoit-les-bailleurs-de-fonds\/"},"modified":"2019-05-14T08:37:00","modified_gmt":"2019-05-14T12:37:00","slug":"olfa-soukri-cherif-deputee-a-larp-ce-qui-decoit-les-bailleurs-de-fonds","status":"publish","type":"post","link":"https:\/\/linitiative.ca\/International\/olfa-soukri-cherif-deputee-a-larp-ce-qui-decoit-les-bailleurs-de-fonds\/","title":{"rendered":"Olfa Soukri Cherif D\u00e9put\u00e9e \u00e0 l\u2019ARP: Ce qui d\u00e9\u00e7oit les bailleurs de fonds"},"content":{"rendered":"<p><span class=\"c2\">Tr\u00e8s active lors des R\u00e9unions de printemps \u00e0 Washington DC, Olfa Soukri Cherif \u00e9tait de toutes les manifestations. Vice-pr\u00e9sidente du r\u00e9seau parlementaire mondial sur la Banque mondiale et le FMI, elle a \u00e9t\u00e9 r\u00e9\u00e9lue, pour un troisi\u00e8me mandat successif, membre du conseil d\u2019administration. La conf\u00e9rence globale 2019 a \u00e9t\u00e9 ouverte par Christine Lagarde, directrice g\u00e9n\u00e9rale du FMI, et Kristalina Georgieva, pr\u00e9sidente par int\u00e9rim du Groupe de la Banque mondiale. Olfa Soukri Cherif a \u00e9t\u00e9 la mod\u00e9ratrice de la premi\u00e8re session consacr\u00e9e aux politiques qui \u0153uvrent pour la prochaine g\u00e9n\u00e9ration et la n\u00e9cessit\u00e9 d\u2019investir dans le capital humain. Elle \u00e9tait notamment pan\u00e9liste dans la table ronde organis\u00e9e par la Banque mondiale sur le passage de la transition \u00e0 la transformation dans la r\u00e9gion Afrique du Nord-Moyen-Orient aux c\u00f4t\u00e9s de ministres \u00e9gyptien, jordanien et djiboutien.<br \/><\/span><\/p>\n<p><span class=\"c2\">Enseignante \u00e0 Paris 1 Sorbonne, puis \u00e0 l\u2019Institut sup\u00e9rieur des sciences humaines \u00e0 Tunis, titulaire d\u2019un ex\u00e9cutive MBA obtenu \u00e0 Harvard, longtemps consultante aupr\u00e8s de l\u2019Ocde \u00e0 Paris, cette \u00e9conomiste et gestionnaire (FSEG Tunis) s\u2019\u00e9tait engag\u00e9e en politique en 2011. Elle sera \u00e9lue \u00e0 l\u2019ARP, en 2014, sur la liste de Nidaa dans la circonscription de Ben Arous. Le d\u00e9senchantement la conduira \u00e0 reprendre sa libert\u00e9, quittant le groupe parlementaire Nidaa au Bardo, pour garder son ind\u00e9pendance.<\/span>La Tunisie est une \u00absuccess story\u00bb du printemps arabe. Toujours per\u00e7ue comme une exception dans le monde arabo-musulman, essentiellement au niveau de l\u2019\u00e9mancipation de la femme, de la jeunesse\u00a0 et de la soci\u00e9t\u00e9 civile. La r\u00e9volution tunisienne a montr\u00e9 la n\u00e9cessit\u00e9 du dialogue social pour un mod\u00e8le de transition d\u00e9mocratique pacifique. Le mod\u00e8le \u00e9conomique est cependant \u00e0 repenser et des politiques publiques \u00e0 \u00e9valuer.<\/p>\n<p>Jusque-l\u00e0, la Tunisie jouissait d\u2019un contrat social fond\u00e9 sur un accord entre le gouvernement et le peuple. Le gouvernement apportait des subventions pour les produits essentiels, assurait l\u2019\u00e9ducation et du travail pour tout le monde. Un jeune \u00e9tait assur\u00e9 d\u2019avoir un travail dans le secteur public. Aujourd\u2019hui, c\u2019est impossible, le mod\u00e8le \u00e9conomique de d\u00e9veloppement est arriv\u00e9 \u00e0 saturation.<\/p>\n<p>J\u2019ai profond\u00e9ment le sentiment qu\u2019il est urgent d\u2019agir, car le monde fait face \u00e0 des besoins \u00e9normes \u00e0 l\u2019\u00e8re de la r\u00e9volution 4.0. Les innovations technologiques pr\u00e9sentent des opportunit\u00e9s, elles peuvent insuffler du dynamisme et donner lieu \u00e0 une croissance \u00e9conomique durable et solidaire.<\/p>\n<p>Aujourd\u2019hui, nous devons r\u00e9fl\u00e9chir \u00e0 un nouveau mod\u00e8le \u00e9conomique qui assure de l\u2019espoir et des opportunit\u00e9s pour nos jeunes avec un syst\u00e8me d\u2019\u00e9ducation de qualit\u00e9 permettant la cr\u00e9ation d\u2019emploi pour les m\u00e9tiers d\u2019avenir.<\/p>\n<p>Le climat politique a engendr\u00e9 un co\u00fbt. Ce co\u00fbt se traduit par le retard de la mise \u00e0 ex\u00e9cution des r\u00e9formes structurelles. Sachant que le renforcement d\u00e9mocratique se fait par une croissance \u00e9conomique inclusive et \u00e0 fort impact social.<\/p>\n<p>M\u00eame si les bailleurs de fonds soutiennent la transition d\u00e9mocratique, et expriment leur sympathie envers la Tunisie, leur d\u00e9ception n\u2019en est pas moins face \u00e0 l\u2019absence d\u2019une vision globale et strat\u00e9gique, poussant le gouvernement \u00e0 agir dans l\u2019urgence, en changeant constamment de priorit\u00e9s.<\/p>\n<p class=\"c3\"><strong><a href=\"https:\/\/www.leaders.com.tn\/le_mensuel_abonnez_vous\" target=\"_blank\" rel=\"noopener noreferrer\"><img loading=\"lazy\" decoding=\"async\" src=\"\/uploads\/FCK_files\/Bandeau-Leaders-1-copie(19).jpg\" alt=\"\" width=\"500\" vspace=\"5\" hspace=\"5\" height=\"128\" align=\"middle\"\/><\/a><\/strong><\/p>\n<p>Auteur:<br \/>\n<a href=\"https:\/\/www.leaders.com.tn\/article\/27107-olfa-soukri-cherif-deputee-a-l-arp-ce-qui-decoit-les-bailleurs-de-fonds\">Cliquez ici pour lire l&rsquo;article depuis sa source.<\/a><\/p>\n","protected":false},"excerpt":{"rendered":"<p>Tr\u00e8s active lors des R\u00e9unions de printemps \u00e0 Washington DC, Olfa Soukri Cherif \u00e9tait de toutes les manifestations. Vice-pr\u00e9sidente du r\u00e9seau parlementaire mondial sur la Banque mondiale et le FMI, elle a \u00e9t\u00e9 r\u00e9\u00e9lue, pour un troisi\u00e8me mandat successif, membre du conseil d\u2019administration. La conf\u00e9rence globale 2019 a \u00e9t\u00e9 ouverte par Christine Lagarde, directrice g\u00e9n\u00e9rale [&hellip;]<\/p>\n","protected":false},"author":1772,"featured_media":34314,"comment_status":"closed","ping_status":"closed","sticky":false,"template":"","format":"standard","meta":{"fifu_image_url":"","fifu_image_alt":"","footnotes":""},"categories":[73,55],"tags":[],"class_list":["post-34313","post","type-post","status-publish","format-standard","has-post-thumbnail","hentry","category-actualite","category-tunisie"],"_links":{"self":[{"href":"https:\/\/linitiative.ca\/International\/wp-json\/wp\/v2\/posts\/34313","targetHints":{"allow":["GET"]}}],"collection":[{"href":"https:\/\/linitiative.ca\/International\/wp-json\/wp\/v2\/posts"}],"about":[{"href":"https:\/\/linitiative.ca\/International\/wp-json\/wp\/v2\/types\/post"}],"author":[{"embeddable":true,"href":"https:\/\/linitiative.ca\/International\/wp-json\/wp\/v2\/users\/1772"}],"replies":[{"embeddable":true,"href":"https:\/\/linitiative.ca\/International\/wp-json\/wp\/v2\/comments?post=34313"}],"version-history":[{"count":0,"href":"https:\/\/linitiative.ca\/International\/wp-json\/wp\/v2\/posts\/34313\/revisions"}],"wp:featuredmedia":[{"embeddable":true,"href":"https:\/\/linitiative.ca\/International\/wp-json\/"}],"wp:attachment":[{"href":"https:\/\/linitiative.ca\/International\/wp-json\/wp\/v2\/media?parent=34313"}],"wp:term":[{"taxonomy":"category","embeddable":true,"href":"https:\/\/linitiative.ca\/International\/wp-json\/wp\/v2\/categories?post=34313"},{"taxonomy":"post_tag","embeddable":true,"href":"https:\/\/linitiative.ca\/International\/wp-json\/wp\/v2\/tags?post=34313"}],"curies":[{"name":"wp","href":"https:\/\/api.w.org\/{rel}","templated":true}]}}