{"id":34327,"date":"2019-05-14T10:42:05","date_gmt":"2019-05-14T14:42:05","guid":{"rendered":"https:\/\/linitiative.ca\/International\/casablanca-relance-lextension-du-reseau-de-videosurveillance\/"},"modified":"2019-05-14T10:42:05","modified_gmt":"2019-05-14T14:42:05","slug":"casablanca-relance-lextension-du-reseau-de-videosurveillance","status":"publish","type":"post","link":"https:\/\/linitiative.ca\/International\/casablanca-relance-lextension-du-reseau-de-videosurveillance\/","title":{"rendered":"Casablanca relance l\u2019extension du r\u00e9seau de vid\u00e9osurveillance"},"content":{"rendered":"<p>A l\u2019instar des grandes m\u00e9tropoles internationales, Casablanca met le turbo pour se doter d\u2019un vaste syst\u00e8me de vid\u00e9osurveillance alimentant la police et la Gendarmerie royale, afin de garantir une plus grande s\u00e9curisation de l\u2019espace public et une r\u00e9gulation dynamique du trafic. Il faut dire qu\u2019avec plus de 4 millions d\u2019habitants, 10 communes rurales, 8 communes urbaines et une participation \u00e0 hauteur de 20,7% au PIB du Maroc, le Grand Casablanca est sans nul doute une m\u00e9tropole qui n\u2019est pas facile \u00e0 g\u00e9rer.<\/p>\n<div class=\"c10\"\/>\n<p>Moins de trois mois apr\u00e8s sa nomination, le nouveau wali de Casablanca, Sa\u00efd Ahmidouch, vient de relancer l\u2019extension du syst\u00e8me de cam\u00e9ras de surveillance. Jusque-l\u00e0, la ville de Casablanca est \u00e9quip\u00e9e de 210 cam\u00e9ras, install\u00e9es dans le cadre d\u2019une premi\u00e8re phase d\u2019un vaste programme. Mobilisant un montant global de 460 millions de dirhams financ\u00e9 conjointement par le minist\u00e8re de l\u2019Int\u00e9rieur et la commune de Casablanca, \u00e0 travers deux conventions, ce programme vise \u00e0 doter la capitale \u00e9conomique d\u2019un r\u00e9seau de 600 cam\u00e9ras \u00e0 la pointe de la technologie pour la gestion de la s\u00e9curit\u00e9 et d\u2019un syst\u00e8me de gestion de la circulation. Reste alors 390 cam\u00e9ras de surveillance \u00e0 installer. C\u2019est ainsi que Sa\u00efd Ahmidouch a amorc\u00e9 la deuxi\u00e8me phase de ce projet.<\/p>\n<p>\u00ab Cette deuxi\u00e8me \u00e9tape du programme consiste notamment en la r\u00e9alisation des \u00e9tudes de conception puis le suivi des travaux. Parall\u00e8lement, l\u2019appel d\u2019offres pour choisir la ma\u00eetrise d\u2019\u0153uvre a \u00e9t\u00e9 relanc\u00e9 fin avril 2019. Onze candidats ont manifest\u00e9 leur int\u00e9r\u00eat. La remise des plis est programm\u00e9e le 16 mai 2019\u00a0\u00bb, souligne Bourrahim Mohamed, vice-pr\u00e9sident de la commune de Casablanca, en charge de la mobilit\u00e9, qui pr\u00e9cise que la mise en service de cette deuxi\u00e8me phase du projet est pr\u00e9vu suivant deux \u00e9ch\u00e9ances, notamment fin 2020 et fin 2021.<\/p>\n<p>Il faut souligner qu\u2019en mati\u00e8re de syst\u00e8me de vid\u00e9osurveillance alimentant la police et la Gendarmerie royale, Casablanca a accus\u00e9 du retard sur les autres grandes villes marocaines, notamment F\u00e8s ou encore Marrakech. En 2013, la plus grande m\u00e9tropole du Royaume ne comptait que 59 cam\u00e9ras de surveillance.<\/p>\n<p>Aujourd\u2019hui, aux 600 cam\u00e9ras de vid\u00e9osurveillance (pr\u00e9vues par le programme), s\u2019ajoutent celles du tramway (plus de 900 cam\u00e9ras). Au total, plus de 1.500 cam\u00e9ras seront donc plac\u00e9es dans des points n\u00e9vralgiques (sans compter les dispositifs pr\u00e9vus dans l\u2019a\u00e9roport, les ports, les grandes surfaces et les banques).<\/p>\n<p>\u00ab\u00a0Le dispositif de\u00a0syst\u00e8me de vid\u00e9osurveillance urbain a vocation de relever les infractions de la circulation routi\u00e8re, enregistrer les accidents ou encore constater les bouchons. A la moindre infraction, les op\u00e9rateurs alertent les \u00e9quipes et motards sur place pour une intervention en temps r\u00e9el\u00a0\u00bb, explique le vice-pr\u00e9sident de la commune de Casablanca, en charge de la mobilit\u00e9.<\/p>\n<p>Et d\u2019ajouter\u00a0: \u00ab\u00a0Le syst\u00e8me de gestion de la circulation consiste quant \u00e0 lui \u00e0 doter la ville de d\u00e9tecteurs intelligents qui remonteront l\u2019\u00e9tat de la circulation et du trafic sur les axes et proposeront des plans de feux adapt\u00e9s pour fluidifier la circulation et r\u00e9duire la congestion. Ce dispositif permettra d\u2019autant plus \u00e0 l\u2019usager, \u00e0 travers des donn\u00e9es web, de conna\u00eetre l\u2019\u00e9tat de la circulation en temps r\u00e9el \u00bb.<\/p>\n<div class=\"c17\">\n<fieldset class=\"c16\">\n<legend><strong><span class=\"c11\">Challenge<\/span><span class=\"c12\">news<\/span><\/strong><\/legend>\n<div class=\"c15\">Le meilleur de la r\u00e9daction s\u00e9lectionn\u00e9 par Challenge :<\/p>\n<\/div>\n<\/fieldset>\n<\/div>\n<p>Auteur: Hajar DARI<br \/>\n<a href=\"https:\/\/www.challenge.ma\/casablanca-relance-lextension-du-reseau-de-videosurveillance-109111\/\">Cliquez ici pour lire l&rsquo;article depuis sa source.<\/a><\/p>\n","protected":false},"excerpt":{"rendered":"<p>A l\u2019instar des grandes m\u00e9tropoles internationales, Casablanca met le turbo pour se doter d\u2019un vaste syst\u00e8me de vid\u00e9osurveillance alimentant la police et la Gendarmerie royale, afin de garantir une plus grande s\u00e9curisation de l\u2019espace public et une r\u00e9gulation dynamique du trafic. Il faut dire qu\u2019avec plus de 4 millions d\u2019habitants, 10 communes rurales, 8 communes [&hellip;]<\/p>\n","protected":false},"author":1787,"featured_media":0,"comment_status":"closed","ping_status":"closed","sticky":false,"template":"","format":"standard","meta":{"fifu_image_url":"","fifu_image_alt":"","footnotes":""},"categories":[78,54],"tags":[],"class_list":["post-34327","post","type-post","status-publish","format-standard","hentry","category-economie","category-maroc"],"_links":{"self":[{"href":"https:\/\/linitiative.ca\/International\/wp-json\/wp\/v2\/posts\/34327","targetHints":{"allow":["GET"]}}],"collection":[{"href":"https:\/\/linitiative.ca\/International\/wp-json\/wp\/v2\/posts"}],"about":[{"href":"https:\/\/linitiative.ca\/International\/wp-json\/wp\/v2\/types\/post"}],"author":[{"embeddable":true,"href":"https:\/\/linitiative.ca\/International\/wp-json\/wp\/v2\/users\/1787"}],"replies":[{"embeddable":true,"href":"https:\/\/linitiative.ca\/International\/wp-json\/wp\/v2\/comments?post=34327"}],"version-history":[{"count":0,"href":"https:\/\/linitiative.ca\/International\/wp-json\/wp\/v2\/posts\/34327\/revisions"}],"wp:attachment":[{"href":"https:\/\/linitiative.ca\/International\/wp-json\/wp\/v2\/media?parent=34327"}],"wp:term":[{"taxonomy":"category","embeddable":true,"href":"https:\/\/linitiative.ca\/International\/wp-json\/wp\/v2\/categories?post=34327"},{"taxonomy":"post_tag","embeddable":true,"href":"https:\/\/linitiative.ca\/International\/wp-json\/wp\/v2\/tags?post=34327"}],"curies":[{"name":"wp","href":"https:\/\/api.w.org\/{rel}","templated":true}]}}