{"id":34328,"date":"2019-05-14T11:26:50","date_gmt":"2019-05-14T15:26:50","guid":{"rendered":"https:\/\/linitiative.ca\/International\/complexe-sportif-mohammed-v-ouverture-dimanche-prochain\/"},"modified":"2019-05-14T11:26:50","modified_gmt":"2019-05-14T15:26:50","slug":"complexe-sportif-mohammed-v-ouverture-dimanche-prochain","status":"publish","type":"post","link":"https:\/\/linitiative.ca\/International\/complexe-sportif-mohammed-v-ouverture-dimanche-prochain\/","title":{"rendered":"Complexe sportif Mohammed V : ouverture dimanche prochain"},"content":{"rendered":"<p>Le Complexe Sportif Mohammed V \u00e0 Casablanca devra ouvrir \u00e0 nouveau ses portes \u00e0 partir de dimanche prochain, apprend-on mardi de source officielle.<\/p>\n<div class=\"c10\"\/>\n<p>Une commission multipartite, missionn\u00e9e par la Wilaya de la R\u00e9gion de Casablanca-Settat, a d\u00e9cid\u00e9 \u00abde mettre le Complexe Sportif Mohammed V \u00e0 disposition des clubs souhaitant y recevoir leurs matchs \u00e0 partir du 19 mai 2019\u00bb.<\/p>\n<p>La commission, qui s\u2019est rendue dimanche dernier sur les lieux, \u00aba pris acte des diff\u00e9rents avancements pr\u00e9sent\u00e9s par la soci\u00e9t\u00e9 en charge des travaux et a constat\u00e9 de visu l\u2019ampleur des travaux entrepris\u00bb, indique la soci\u00e9t\u00e9 de d\u00e9veloppement local \u00abCasa Events et Animation\u00bb.<\/p>\n<p>En avril dernier, une commission, pr\u00e9sid\u00e9e par le Wali de la R\u00e9gion de Casablanca-Settat, avait convenu de rouvrir le Complexe \u00abdurant la derni\u00e8re semaine du mois de mai 2019\u00bb.<\/p>\n<div class=\"c17\">\n<fieldset class=\"c16\">\n<legend><strong><span class=\"c11\">Challenge<\/span><span class=\"c12\">news<\/span><\/strong><\/legend>\n<div class=\"c15\">Le meilleur de la r\u00e9daction s\u00e9lectionn\u00e9 par Challenge :<\/p>\n<\/div>\n<\/fieldset>\n<\/div>\n<p>Auteur: challenge<br \/>\n<a href=\"https:\/\/www.challenge.ma\/complexe-sportif-mohammed-v-ouverture-dimanche-prochain-109123\/\">Cliquez ici pour lire l&rsquo;article depuis sa source.<\/a><\/p>\n","protected":false},"excerpt":{"rendered":"<p>Le Complexe Sportif Mohammed V \u00e0 Casablanca devra ouvrir \u00e0 nouveau ses portes \u00e0 partir de dimanche prochain, apprend-on mardi de source officielle. Une commission multipartite, missionn\u00e9e par la Wilaya de la R\u00e9gion de Casablanca-Settat, a d\u00e9cid\u00e9 \u00abde mettre le Complexe Sportif Mohammed V \u00e0 disposition des clubs souhaitant y recevoir leurs matchs \u00e0 partir [&hellip;]<\/p>\n","protected":false},"author":1787,"featured_media":0,"comment_status":"closed","ping_status":"closed","sticky":false,"template":"","format":"standard","meta":{"fifu_image_url":"","fifu_image_alt":"","footnotes":""},"categories":[78,54],"tags":[],"class_list":["post-34328","post","type-post","status-publish","format-standard","hentry","category-economie","category-maroc"],"_links":{"self":[{"href":"https:\/\/linitiative.ca\/International\/wp-json\/wp\/v2\/posts\/34328","targetHints":{"allow":["GET"]}}],"collection":[{"href":"https:\/\/linitiative.ca\/International\/wp-json\/wp\/v2\/posts"}],"about":[{"href":"https:\/\/linitiative.ca\/International\/wp-json\/wp\/v2\/types\/post"}],"author":[{"embeddable":true,"href":"https:\/\/linitiative.ca\/International\/wp-json\/wp\/v2\/users\/1787"}],"replies":[{"embeddable":true,"href":"https:\/\/linitiative.ca\/International\/wp-json\/wp\/v2\/comments?post=34328"}],"version-history":[{"count":0,"href":"https:\/\/linitiative.ca\/International\/wp-json\/wp\/v2\/posts\/34328\/revisions"}],"wp:attachment":[{"href":"https:\/\/linitiative.ca\/International\/wp-json\/wp\/v2\/media?parent=34328"}],"wp:term":[{"taxonomy":"category","embeddable":true,"href":"https:\/\/linitiative.ca\/International\/wp-json\/wp\/v2\/categories?post=34328"},{"taxonomy":"post_tag","embeddable":true,"href":"https:\/\/linitiative.ca\/International\/wp-json\/wp\/v2\/tags?post=34328"}],"curies":[{"name":"wp","href":"https:\/\/api.w.org\/{rel}","templated":true}]}}