{"id":34335,"date":"2019-05-14T11:46:29","date_gmt":"2019-05-14T15:46:29","guid":{"rendered":"https:\/\/linitiative.ca\/International\/audio-les-erreurs-de-communication-de-tahya-tounes-privent-la-tunisie-dune-levee-de-fonds-de-800-millions-de-dollars\/"},"modified":"2019-05-14T11:46:29","modified_gmt":"2019-05-14T15:46:29","slug":"audio-les-erreurs-de-communication-de-tahya-tounes-privent-la-tunisie-dune-levee-de-fonds-de-800-millions-de-dollars","status":"publish","type":"post","link":"https:\/\/linitiative.ca\/International\/audio-les-erreurs-de-communication-de-tahya-tounes-privent-la-tunisie-dune-levee-de-fonds-de-800-millions-de-dollars\/","title":{"rendered":"AUDIO : Les erreurs de communication de Tahya Tounes privent la Tunisie d\u2019une lev\u00e9e de fonds de 800 millions de dollars"},"content":{"rendered":"<div class=\"post-cont-in left relative\">\n<p>Le membre de la Commission parlementaire des finances, Slim Besbes a d\u00e9clar\u00e9, ce mardi, au micro d\u2019ExpressFM, que des fautes de communication de la part des leaders du parti Tahya Tounes ont priv\u00e9 le pays d\u2019une lev\u00e9e de fonds de 800 millions de dollars, sur les places internationales.<\/p>\n<p>En effet, a-t-il expliqu\u00e9, ce projet n\u2019a pas \u00e9t\u00e9 accept\u00e9 \u00e0 l\u2019ARP \u00e0 cause de \u00ab\u00a0messages n\u00e9gatifs\u00a0\u00bb adress\u00e9s par les leaders de Tahya Tounes, au cours de la tenue de leur congr\u00e8s. Il a d\u00e9plor\u00e9 qu\u2019\u00e0 cette occasion, ces leaders\u00a0aient pr\u00e9f\u00e9r\u00e9 faire plaisir \u00e0 de probables \u00e9lecteurs, plut\u00f4t que d\u2019\u0153uvrer \u00e0 l\u2019int\u00e9r\u00eat de la majorit\u00e9.<\/p>\n<div class=\"code-block code-block-1 c3\"><ins class=\"adsbygoogle c2\" data-ad-layout=\"in-article\" data-ad-format=\"fluid\" data-ad-client=\"ca-pub-2102118777505746\" data-ad-slot=\"7301775417\"\/> <\/div>\n<p>Slim Besbes a ajout\u00e9 que les d\u00e9put\u00e9s de la majorit\u00e9 parlementaire sens\u00e9e soutenir le gouvernement, devraient mieux communiquer et coordonner avec leur gouvernement, s\u2019ils veulent r\u00e9ussir.<\/p>\n<p><a href=\"https:\/\/www.tunisienumerique.com\/wp-content\/uploads\/2019\/05\/Slim-Besbes.mp3\">https:\/\/www.tunisienumerique.com\/wp-content\/uploads\/2019\/05\/Slim-Besbes.mp3<\/a><\/p>\n<div class=\"mvp-org-wrap mvp-org-logo\" itemprop=\"publisher\" itemscope=\"\" itemtype=\"https:\/\/schema.org\/Organization\"><img decoding=\"async\" src=\"https:\/\/www.tunisienumerique.com\/wp-content\/uploads\/2017\/02\/logo_tunisie_numerique.png\"\/><\/div>\n<div class=\"mvp-related-posts left relative\">\n<h4 class=\"post-header\"><span class=\"post-header\">Lire aussi<\/span><\/h4>\n<\/div>\n<\/div>\n<p>Auteur: LM<br \/>\n<a href=\"https:\/\/www.tunisienumerique.com\/audio-les-erreurs-de-communication-de-tahya-tounes-privent-la-tunisie-dune-levee-de-fonds-de-800-millions-de-dollars\/\">Cliquez ici pour lire l&rsquo;article depuis sa source.<\/a><\/p>\n","protected":false},"excerpt":{"rendered":"<p>Le membre de la Commission parlementaire des finances, Slim Besbes a d\u00e9clar\u00e9, ce mardi, au micro d\u2019ExpressFM, que des fautes de communication de la part des leaders du parti Tahya Tounes ont priv\u00e9 le pays d\u2019une lev\u00e9e de fonds de 800 millions de dollars, sur les places internationales. En effet, a-t-il expliqu\u00e9, ce projet n\u2019a [&hellip;]<\/p>\n","protected":false},"author":1789,"featured_media":34336,"comment_status":"closed","ping_status":"closed","sticky":false,"template":"","format":"standard","meta":{"fifu_image_url":"","fifu_image_alt":"","footnotes":""},"categories":[73,55],"tags":[],"class_list":["post-34335","post","type-post","status-publish","format-standard","has-post-thumbnail","hentry","category-actualite","category-tunisie"],"_links":{"self":[{"href":"https:\/\/linitiative.ca\/International\/wp-json\/wp\/v2\/posts\/34335","targetHints":{"allow":["GET"]}}],"collection":[{"href":"https:\/\/linitiative.ca\/International\/wp-json\/wp\/v2\/posts"}],"about":[{"href":"https:\/\/linitiative.ca\/International\/wp-json\/wp\/v2\/types\/post"}],"author":[{"embeddable":true,"href":"https:\/\/linitiative.ca\/International\/wp-json\/wp\/v2\/users\/1789"}],"replies":[{"embeddable":true,"href":"https:\/\/linitiative.ca\/International\/wp-json\/wp\/v2\/comments?post=34335"}],"version-history":[{"count":0,"href":"https:\/\/linitiative.ca\/International\/wp-json\/wp\/v2\/posts\/34335\/revisions"}],"wp:featuredmedia":[{"embeddable":true,"href":"https:\/\/linitiative.ca\/International\/wp-json\/"}],"wp:attachment":[{"href":"https:\/\/linitiative.ca\/International\/wp-json\/wp\/v2\/media?parent=34335"}],"wp:term":[{"taxonomy":"category","embeddable":true,"href":"https:\/\/linitiative.ca\/International\/wp-json\/wp\/v2\/categories?post=34335"},{"taxonomy":"post_tag","embeddable":true,"href":"https:\/\/linitiative.ca\/International\/wp-json\/wp\/v2\/tags?post=34335"}],"curies":[{"name":"wp","href":"https:\/\/api.w.org\/{rel}","templated":true}]}}