{"id":34343,"date":"2019-05-14T16:44:16","date_gmt":"2019-05-14T20:44:16","guid":{"rendered":"https:\/\/linitiative.ca\/International\/tunisie-derniere-minute-ben-ali-sadressera-aux-tunisiens-demain-a-10h00\/"},"modified":"2019-05-14T16:44:16","modified_gmt":"2019-05-14T20:44:16","slug":"tunisie-derniere-minute-ben-ali-sadressera-aux-tunisiens-demain-a-10h00","status":"publish","type":"post","link":"https:\/\/linitiative.ca\/International\/tunisie-derniere-minute-ben-ali-sadressera-aux-tunisiens-demain-a-10h00\/","title":{"rendered":"Tunisie \u2013 DERNIERE MINUTE\u00a0: Ben Ali s\u2019adressera aux tunisiens demain \u00e0 10H00"},"content":{"rendered":"<div class=\"post-cont-in left relative\">\n<p>Selon l\u2019avocat Mounir Ben Salha, l\u2019ex-pr\u00e9sident Ben Ali va s\u2019adresser, depuis sa r\u00e9sidence en Arabie Saoudite, aux tunisiens \u00e0 10H00 heure Tunis.<\/p>\n<p>Ben Salha a assur\u00e9 que Ben Ali va r\u00e9pondre, demain, \u00e0 tous ceux qui sont en train de citer son nom ces derniers jours.<\/p>\n<div class=\"code-block code-block-1 c3\"><ins class=\"adsbygoogle c2\" data-ad-layout=\"in-article\" data-ad-format=\"fluid\" data-ad-client=\"ca-pub-2102118777505746\" data-ad-slot=\"7301775417\"\/> <\/div>\n<p><img loading=\"lazy\" decoding=\"async\" class=\"aligncenter size-full wp-image-434587\" src=\"https:\/\/www.tunisienumerique.com\/wp-content\/uploads\/2019\/05\/ben-salha.jpg\" alt=\"\" width=\"554\" height=\"206\"\/><\/p>\n<div class=\"mvp-org-wrap mvp-org-logo\" itemprop=\"publisher\" itemscope=\"\" itemtype=\"https:\/\/schema.org\/Organization\"><img decoding=\"async\" src=\"https:\/\/www.tunisienumerique.com\/wp-content\/uploads\/2017\/02\/logo_tunisie_numerique.png\"\/><\/div>\n<div class=\"mvp-related-posts left relative\">\n<h4 class=\"post-header\"><span class=\"post-header\">Lire aussi<\/span><\/h4>\n<\/div>\n<\/div>\n<p>Auteur: LM<br \/>\n<a href=\"https:\/\/www.tunisienumerique.com\/tunisie-derniere-minute-ben-ali-sadressera-aux-tunisiens-demain-a-10h00\/\">Cliquez ici pour lire l&rsquo;article depuis sa source.<\/a><\/p>\n","protected":false},"excerpt":{"rendered":"<p>Selon l\u2019avocat Mounir Ben Salha, l\u2019ex-pr\u00e9sident Ben Ali va s\u2019adresser, depuis sa r\u00e9sidence en Arabie Saoudite, aux tunisiens \u00e0 10H00 heure Tunis. Ben Salha a assur\u00e9 que Ben Ali va r\u00e9pondre, demain, \u00e0 tous ceux qui sont en train de citer son nom ces derniers jours. Lire aussi Auteur: LM Cliquez ici pour lire l&rsquo;article [&hellip;]<\/p>\n","protected":false},"author":1789,"featured_media":34344,"comment_status":"closed","ping_status":"closed","sticky":false,"template":"","format":"standard","meta":{"fifu_image_url":"","fifu_image_alt":"","footnotes":""},"categories":[73,55],"tags":[],"class_list":["post-34343","post","type-post","status-publish","format-standard","has-post-thumbnail","hentry","category-actualite","category-tunisie"],"_links":{"self":[{"href":"https:\/\/linitiative.ca\/International\/wp-json\/wp\/v2\/posts\/34343","targetHints":{"allow":["GET"]}}],"collection":[{"href":"https:\/\/linitiative.ca\/International\/wp-json\/wp\/v2\/posts"}],"about":[{"href":"https:\/\/linitiative.ca\/International\/wp-json\/wp\/v2\/types\/post"}],"author":[{"embeddable":true,"href":"https:\/\/linitiative.ca\/International\/wp-json\/wp\/v2\/users\/1789"}],"replies":[{"embeddable":true,"href":"https:\/\/linitiative.ca\/International\/wp-json\/wp\/v2\/comments?post=34343"}],"version-history":[{"count":0,"href":"https:\/\/linitiative.ca\/International\/wp-json\/wp\/v2\/posts\/34343\/revisions"}],"wp:featuredmedia":[{"embeddable":true,"href":"https:\/\/linitiative.ca\/International\/wp-json\/"}],"wp:attachment":[{"href":"https:\/\/linitiative.ca\/International\/wp-json\/wp\/v2\/media?parent=34343"}],"wp:term":[{"taxonomy":"category","embeddable":true,"href":"https:\/\/linitiative.ca\/International\/wp-json\/wp\/v2\/categories?post=34343"},{"taxonomy":"post_tag","embeddable":true,"href":"https:\/\/linitiative.ca\/International\/wp-json\/wp\/v2\/tags?post=34343"}],"curies":[{"name":"wp","href":"https:\/\/api.w.org\/{rel}","templated":true}]}}