{"id":34345,"date":"2019-05-14T16:55:18","date_gmt":"2019-05-14T20:55:18","guid":{"rendered":"https:\/\/linitiative.ca\/International\/tunisie-le-syndicat-de-la-presidence-du-gouvernement-menace-dobserver-une-greve-de-deux-jours\/"},"modified":"2019-05-14T16:55:18","modified_gmt":"2019-05-14T20:55:18","slug":"tunisie-le-syndicat-de-la-presidence-du-gouvernement-menace-dobserver-une-greve-de-deux-jours","status":"publish","type":"post","link":"https:\/\/linitiative.ca\/International\/tunisie-le-syndicat-de-la-presidence-du-gouvernement-menace-dobserver-une-greve-de-deux-jours\/","title":{"rendered":"Tunisie \u2013 Le syndicat de la pr\u00e9sidence du gouvernement menace d\u2019observer une gr\u00e8ve de deux jours"},"content":{"rendered":"<div class=\"post-cont-in left relative\">\n<p>Le syndicat de base de la pr\u00e9sidence du gouvernement, relevant de l\u2019UGTT, a publi\u00e9, ce mardi, un pr\u00e9vis de gr\u00e8ve de deux jours, les 29 et 30 mai courant. Et ce, devant le refus de l\u2019autorit\u00e9 de tutelle de respecter ses engagements qui ont fait l\u2019objet d\u2019anciens proc\u00e8s verbaux.<\/p>\n<p><img loading=\"lazy\" decoding=\"async\" class=\"aligncenter size-full wp-image-434592\" src=\"https:\/\/www.tunisienumerique.com\/wp-content\/uploads\/2019\/05\/greve.jpg\" alt=\"\" width=\"700\" height=\"960\" srcset=\"https:\/\/www.tunisienumerique.com\/wp-content\/uploads\/2019\/05\/greve.jpg 700w, https:\/\/www.tunisienumerique.com\/wp-content\/uploads\/2019\/05\/greve-600x823.jpg 600w\" sizes=\"auto, (max-width: 700px) 100vw, 700px\"\/><\/p>\n<div class=\"code-block code-block-1 c3\"><ins class=\"adsbygoogle c2\" data-ad-layout=\"in-article\" data-ad-format=\"fluid\" data-ad-client=\"ca-pub-2102118777505746\" data-ad-slot=\"7301775417\"\/> <\/div>\n<div class=\"mvp-org-wrap mvp-org-logo\" itemprop=\"publisher\" itemscope=\"\" itemtype=\"https:\/\/schema.org\/Organization\"><img decoding=\"async\" src=\"https:\/\/www.tunisienumerique.com\/wp-content\/uploads\/2017\/02\/logo_tunisie_numerique.png\"\/><\/div>\n<div class=\"mvp-related-posts left relative\">\n<h4 class=\"post-header\"><span class=\"post-header\">Lire aussi<\/span><\/h4>\n<\/div>\n<\/div>\n<p>Auteur: LM<br \/>\n<a href=\"https:\/\/www.tunisienumerique.com\/tunisie-le-syndicat-de-la-presidence-du-gouvernement-menace-dobserver-une-greve-de-deux-jours\/\">Cliquez ici pour lire l&rsquo;article depuis sa source.<\/a><\/p>\n","protected":false},"excerpt":{"rendered":"<p>Le syndicat de base de la pr\u00e9sidence du gouvernement, relevant de l\u2019UGTT, a publi\u00e9, ce mardi, un pr\u00e9vis de gr\u00e8ve de deux jours, les 29 et 30 mai courant. Et ce, devant le refus de l\u2019autorit\u00e9 de tutelle de respecter ses engagements qui ont fait l\u2019objet d\u2019anciens proc\u00e8s verbaux. Lire aussi Auteur: LM Cliquez ici [&hellip;]<\/p>\n","protected":false},"author":1789,"featured_media":34346,"comment_status":"closed","ping_status":"closed","sticky":false,"template":"","format":"standard","meta":{"fifu_image_url":"","fifu_image_alt":"","footnotes":""},"categories":[73,55],"tags":[],"class_list":["post-34345","post","type-post","status-publish","format-standard","has-post-thumbnail","hentry","category-actualite","category-tunisie"],"_links":{"self":[{"href":"https:\/\/linitiative.ca\/International\/wp-json\/wp\/v2\/posts\/34345","targetHints":{"allow":["GET"]}}],"collection":[{"href":"https:\/\/linitiative.ca\/International\/wp-json\/wp\/v2\/posts"}],"about":[{"href":"https:\/\/linitiative.ca\/International\/wp-json\/wp\/v2\/types\/post"}],"author":[{"embeddable":true,"href":"https:\/\/linitiative.ca\/International\/wp-json\/wp\/v2\/users\/1789"}],"replies":[{"embeddable":true,"href":"https:\/\/linitiative.ca\/International\/wp-json\/wp\/v2\/comments?post=34345"}],"version-history":[{"count":0,"href":"https:\/\/linitiative.ca\/International\/wp-json\/wp\/v2\/posts\/34345\/revisions"}],"wp:featuredmedia":[{"embeddable":true,"href":"https:\/\/linitiative.ca\/International\/wp-json\/"}],"wp:attachment":[{"href":"https:\/\/linitiative.ca\/International\/wp-json\/wp\/v2\/media?parent=34345"}],"wp:term":[{"taxonomy":"category","embeddable":true,"href":"https:\/\/linitiative.ca\/International\/wp-json\/wp\/v2\/categories?post=34345"},{"taxonomy":"post_tag","embeddable":true,"href":"https:\/\/linitiative.ca\/International\/wp-json\/wp\/v2\/tags?post=34345"}],"curies":[{"name":"wp","href":"https:\/\/api.w.org\/{rel}","templated":true}]}}