{"id":34347,"date":"2019-05-14T16:59:17","date_gmt":"2019-05-14T20:59:17","guid":{"rendered":"https:\/\/linitiative.ca\/International\/lentraineur-nebojsa-jovovic-proche-du-css\/"},"modified":"2019-05-14T16:59:17","modified_gmt":"2019-05-14T20:59:17","slug":"lentraineur-nebojsa-jovovic-proche-du-css","status":"publish","type":"post","link":"https:\/\/linitiative.ca\/International\/lentraineur-nebojsa-jovovic-proche-du-css\/","title":{"rendered":"L\u2019entra\u00eeneur Nebojsa Jovovic proche du CSS"},"content":{"rendered":"<div class=\"post-cont-in left relative\">\n<p><span>Le tacticien serbe\u00a0<\/span><span>Nebojsa\u00a0<\/span><span>Jovovic<\/span><span>\u00a0est trop proche pour \u00eatre nomm\u00e9 \u00e0 la t\u00eate de la barre technique du\u00a0<\/span><span>Club Sportif Sfaxien<\/span><span>\u00a0la saison prochaine.<\/span><span>\u00a0<\/span><\/p>\n<p><span>Jovovic<\/span><span>\u00a0vient de succ\u00e9der le N\u00e9erlandais\u00a0<\/span><span>Ruud\u00a0<\/span><span>Krol<\/span><span>, qui a inform\u00e9 le comit\u00e9 directeur de la formation\u00a0<\/span><span>sfaxienne<\/span><span>\u00a0de son intention de ne pas renouveler l\u2019aventure avec les \u201cSudistes\u201d.<\/span><span>\u00a0<\/span><\/p>\n<div class=\"code-block code-block-1 c3\"><ins class=\"adsbygoogle c2\" data-ad-layout=\"in-article\" data-ad-format=\"fluid\" data-ad-client=\"ca-pub-2102118777505746\" data-ad-slot=\"7301775417\"\/> <\/div>\n<p><span>Nebojsa\u00a0<\/span><span>Jovovic<\/span><span>\u00a0est connu par le public tunisien apr\u00e8s avoir pris part avec la formation jordanienne d\u2019<\/span><span>Al\u00a0<\/span><span>Fai\u00e7aly<\/span><span>\u00a0\u00e0 la\u00a0<\/span><span>Coupe Arabe des Clubs 2017-2018<\/span><span>.<\/span><span>\u00a0<\/span><\/p>\n<p><span>Ce technicien a \u00e9galement entra\u00een\u00e9 le\u00a0<\/span><span>Zamalek<\/span><span>\u00a0en Egypte et\u00a0<\/span><span>Al Shorta<\/span><span>\u00a0en Irak.<\/span><span>\u00a0<\/span><\/p>\n<div class=\"mvp-org-wrap mvp-org-logo\" itemprop=\"publisher\" itemscope=\"\" itemtype=\"https:\/\/schema.org\/Organization\"><img decoding=\"async\" src=\"https:\/\/www.tunisienumerique.com\/wp-content\/uploads\/2017\/02\/logo_tunisie_numerique.png\"\/><\/div>\n<div class=\"mvp-related-posts left relative\">\n<h4 class=\"post-header\"><span class=\"post-header\">Lire aussi<\/span><\/h4>\n<\/div>\n<\/div>\n<p>Auteur:<br \/>\n<a href=\"https:\/\/www.tunisienumerique.com\/lentraineur-nebojsa-jovovic-proche-css\/\">Cliquez ici pour lire l&rsquo;article depuis sa source.<\/a><\/p>\n","protected":false},"excerpt":{"rendered":"<p>Le tacticien serbe\u00a0Nebojsa\u00a0Jovovic\u00a0est trop proche pour \u00eatre nomm\u00e9 \u00e0 la t\u00eate de la barre technique du\u00a0Club Sportif Sfaxien\u00a0la saison prochaine.\u00a0 Jovovic\u00a0vient de succ\u00e9der le N\u00e9erlandais\u00a0Ruud\u00a0Krol, qui a inform\u00e9 le comit\u00e9 directeur de la formation\u00a0sfaxienne\u00a0de son intention de ne pas renouveler l\u2019aventure avec les \u201cSudistes\u201d.\u00a0 Nebojsa\u00a0Jovovic\u00a0est connu par le public tunisien apr\u00e8s avoir pris part avec [&hellip;]<\/p>\n","protected":false},"author":1789,"featured_media":34348,"comment_status":"closed","ping_status":"closed","sticky":false,"template":"","format":"standard","meta":{"fifu_image_url":"","fifu_image_alt":"","footnotes":""},"categories":[73,55],"tags":[],"class_list":["post-34347","post","type-post","status-publish","format-standard","has-post-thumbnail","hentry","category-actualite","category-tunisie"],"_links":{"self":[{"href":"https:\/\/linitiative.ca\/International\/wp-json\/wp\/v2\/posts\/34347","targetHints":{"allow":["GET"]}}],"collection":[{"href":"https:\/\/linitiative.ca\/International\/wp-json\/wp\/v2\/posts"}],"about":[{"href":"https:\/\/linitiative.ca\/International\/wp-json\/wp\/v2\/types\/post"}],"author":[{"embeddable":true,"href":"https:\/\/linitiative.ca\/International\/wp-json\/wp\/v2\/users\/1789"}],"replies":[{"embeddable":true,"href":"https:\/\/linitiative.ca\/International\/wp-json\/wp\/v2\/comments?post=34347"}],"version-history":[{"count":0,"href":"https:\/\/linitiative.ca\/International\/wp-json\/wp\/v2\/posts\/34347\/revisions"}],"wp:featuredmedia":[{"embeddable":true,"href":"https:\/\/linitiative.ca\/International\/wp-json\/"}],"wp:attachment":[{"href":"https:\/\/linitiative.ca\/International\/wp-json\/wp\/v2\/media?parent=34347"}],"wp:term":[{"taxonomy":"category","embeddable":true,"href":"https:\/\/linitiative.ca\/International\/wp-json\/wp\/v2\/categories?post=34347"},{"taxonomy":"post_tag","embeddable":true,"href":"https:\/\/linitiative.ca\/International\/wp-json\/wp\/v2\/tags?post=34347"}],"curies":[{"name":"wp","href":"https:\/\/api.w.org\/{rel}","templated":true}]}}