{"id":34349,"date":"2019-05-14T16:02:59","date_gmt":"2019-05-14T20:02:59","guid":{"rendered":"https:\/\/linitiative.ca\/International\/la-missive-a-mon-oncle\/"},"modified":"2019-05-14T16:02:59","modified_gmt":"2019-05-14T20:02:59","slug":"la-missive-a-mon-oncle","status":"publish","type":"post","link":"https:\/\/linitiative.ca\/International\/la-missive-a-mon-oncle\/","title":{"rendered":"LA MISSIVE A MON ONCLE :"},"content":{"rendered":"<div class=\"stream-item stream-item-above-post-content\">\n<p><noscript><\/p>\n<p><a href=\"\/\/www3.smartadserver.com\/ac?jump=1&#038;nwid=2136&#038;siteid=240610&#038;pgname=rg&#038;fmtid=49046&#038;visit=m&#038;tmstp=[timestamp]&#038;out=nonrich\" target=\"_blank\" rel=\"noopener noreferrer\"><img decoding=\"async\" src=\"\/\/www3.smartadserver.com\/ac?out=nonrich&#038;nwid=2136&#038;siteid=240610&#038;pgname=rg&#038;fmtid=49046&#038;visit=m&#038;tmstp=[timestamp]\" border=\"0\" alt=\"\"\/><\/a><\/p>\n<p><\/noscript><\/div>\n<p><strong>Cher oncle,<\/strong><\/p>\n<p class=\"c3\"><em>Je me passerai bien volontiers des salamalecs, cette fois, pour exprimer toute ma douleur et mon indignation quand j\u2019ai appris l\u2019attaque perp\u00e9tr\u00e9e , le 12 mai dernier, contre une \u00e9glise catholique \u00e0 Dablo, dans le Centre-Nord, laquelle attaque a co\u00fbt\u00e9 la vie \u00e0 six personnes dont un pr\u00eatre. Pire, cette attaque intervient apr\u00e8s une autre perp\u00e9tr\u00e9e contre une \u00e9glise protestante \u00e0 Silgadji dans le Soum, qui a fait 6 morts \u00e9galement. Ces attaques contre des religieux et dans des lieux de culte, me laissent sans voix. Je ne sais quoi vous dire si ce n\u2019est implorer Le Tout-Puissant afin qu\u2019Il vous garde et vous prot\u00e8ge. Que Dieu accueille dans son Royaume tous ceux qui ont p\u00e9ri dans ces attaques et encore merci pour tes v\u0153ux formul\u00e9s \u00e0 l\u2019occasion de ce mois b\u00e9ni du Ramadan. Qu\u2019Allah r\u00e9pande ses gr\u00e2ces sur nous et nous b\u00e9nisse en abondance. Parlant d\u2019attaque, il faut dire qu\u2019un individu a \u00e9t\u00e9 arr\u00eat\u00e9 par la police nationale, apr\u00e8s avoir post\u00e9 sur les r\u00e9seaux sociaux, une probable attaque dans la zone Nord de la C\u00f4te d\u2019Ivoire. Ce qui a suscit\u00e9 une v\u00e9ritable psychose au sein de la population. Le 13 mai dernier, la police nationale a annonc\u00e9 avoir interpell\u00e9 l\u2019individu en question, du nom de Moustache Diaby, tout en pr\u00e9cisant qu\u2019une enqu\u00eate est en cours afin d&rsquo;interpeller tous les auteurs de cette publication.<\/em> <em>Cher oncle, il n\u2019y a pas que chez vous que le torchon br\u00fble entre les enseignants et le gouvernement. La m\u00eame situation existe chez nous aussi et cela dure depuis un certain temps. Le bras de fer continue entre les deux camps et apr\u00e8s plusieurs semaines de gr\u00e8ve, les enseignants ont entam\u00e9, depuis hier 14 mai, une nouvelle gr\u00e8ve allant jusqu\u2019au 17 mai. Toute chose qui a fait sortir le ministre de l\u2019Education nationale, de l\u2019enseignement technique et de la formation professionnelle, Kandia Camara, de ses gonds. En marge de l\u2019inauguration d\u2019un coll\u00e8ge dans l\u2019Ouest du pays, le 12 mai, elle a affirm\u00e9 ne plus accepter cette \u00e9ni\u00e8me gr\u00e8ve des enseignants r\u00e9unis au sein de la Coalition des syndicats du secteur \u00e9ducatif\/formation de C\u00f4te d\u2019Ivoire (COSEFCI).<\/em><\/p>\n<p><strong>78 cas de dengue confirm\u00e9s<\/strong><\/p>\n<p class=\"c3\"><em>\u00ab Celui qui ne veut pas enseigner peut aller ailleurs, et je le dis, je n\u2019admettrai pas cette gr\u00e8ve de mardi prochain (NDLR). Je ne suis pas d\u2019accord et je le dis haut et fort ici. Tout enseignant qui se mettra en gr\u00e8ve \u00e0 partir de mardi, va assumer les cons\u00e9quences \u00bb, a pr\u00e9venu le ministre qui d\u00e9clare qu\u2019elle n\u2019usera pas son temps quotidien \u00e0 c\u00e9der \u00e0 toutes les humeurs des enseignants de la COSEFCI. Et d\u2019ajouter : \u00ab Tous ceux qui se mettront en gr\u00e8ve seront consid\u00e9r\u00e9s comme ne voulant plus faire partie du corps enseignant. Nous allons entamer la proc\u00e9dure de radiation de ces personnes \u00bb.<\/em> <em>A son avis, le gouvernement a jusque-l\u00e0 fait preuve de bonne foi pour satisfaire certains points de leurs revendications ; par cons\u00e9quent, les enseignants devraient en faire autant. Il faut signaler qu\u2019\u00e0 cause de cette situation, la date des examens de composition du CEPE pr\u00e9vue pour le 5 juin prochain, a \u00e9t\u00e9 repouss\u00e9e au 1er juillet. Quant aux dates du BEPC et du BAC, elles restent inchang\u00e9es.<\/em> <em>Cher oncle, l\u2019\u00e9pid\u00e9mie de la dengue a refait surface en C\u00f4te d\u2019Ivoire apr\u00e8s les cas identifi\u00e9s et circonscrits en 2017. Au cours d\u2019un point de presse sur la situation de la maladie, le 7 mai dernier, le directeur de l\u2019Institut national d\u2019hygi\u00e8ne public (INHP), Pr Joseph Vroh Beni\u00e9 Bi, \u2028a indiqu\u00e9 que depuis le d\u00e9but de l\u2019ann\u00e9e 2019 jusqu\u2019\u00e0 la date du 3 mai, 78 cas de dengue ont \u00e9t\u00e9 confirm\u00e9s dont deux d\u00e9c\u00e8s survenus, des cas essentiellement localis\u00e9s dans les communes de Cocody, Bingerville et Abobo, et un seul cas confirm\u00e9 dans la ville de Man. Selon le Pr, la situation n\u2019est certes pas aussi alarmante comme en 2017, mais il a invit\u00e9 la population \u00e0 redoubler de vigilance et \u00e0 respecter les mesures de pr\u00e9vention.<\/em> <em>A vous aussi, je demande d\u2019\u00eatre vigilants et que Dieu nous prot\u00e8ge. Je m\u2019arr\u00eate l\u00e0 pour aujourd\u2019hui. Au revoir et \u00e0 bient\u00f4t pour d\u2019autres informations que je souhaite plus joyeuses.<\/em><\/p>\n<p><strong>Ton neveu<\/strong><\/p>\n<p>Auteur: Le Pays<br \/>\n<a href=\"http:\/\/lepays.bf\/la-missive-a-mon-oncle\/\">Cliquez ici pour lire l&rsquo;article depuis sa source.<\/a><\/p>\n","protected":false},"excerpt":{"rendered":"<p>Cher oncle, Je me passerai bien volontiers des salamalecs, cette fois, pour exprimer toute ma douleur et mon indignation quand j\u2019ai appris l\u2019attaque perp\u00e9tr\u00e9e , le 12 mai dernier, contre une \u00e9glise catholique \u00e0 Dablo, dans le Centre-Nord, laquelle attaque a co\u00fbt\u00e9 la vie \u00e0 six personnes dont un pr\u00eatre. Pire, cette attaque intervient apr\u00e8s [&hellip;]<\/p>\n","protected":false},"author":1813,"featured_media":0,"comment_status":"closed","ping_status":"closed","sticky":false,"template":"","format":"standard","meta":{"fifu_image_url":"","fifu_image_alt":"","footnotes":""},"categories":[73,81],"tags":[],"class_list":["post-34349","post","type-post","status-publish","format-standard","hentry","category-actualite","category-burkina-faso"],"_links":{"self":[{"href":"https:\/\/linitiative.ca\/International\/wp-json\/wp\/v2\/posts\/34349","targetHints":{"allow":["GET"]}}],"collection":[{"href":"https:\/\/linitiative.ca\/International\/wp-json\/wp\/v2\/posts"}],"about":[{"href":"https:\/\/linitiative.ca\/International\/wp-json\/wp\/v2\/types\/post"}],"author":[{"embeddable":true,"href":"https:\/\/linitiative.ca\/International\/wp-json\/wp\/v2\/users\/1813"}],"replies":[{"embeddable":true,"href":"https:\/\/linitiative.ca\/International\/wp-json\/wp\/v2\/comments?post=34349"}],"version-history":[{"count":0,"href":"https:\/\/linitiative.ca\/International\/wp-json\/wp\/v2\/posts\/34349\/revisions"}],"wp:attachment":[{"href":"https:\/\/linitiative.ca\/International\/wp-json\/wp\/v2\/media?parent=34349"}],"wp:term":[{"taxonomy":"category","embeddable":true,"href":"https:\/\/linitiative.ca\/International\/wp-json\/wp\/v2\/categories?post=34349"},{"taxonomy":"post_tag","embeddable":true,"href":"https:\/\/linitiative.ca\/International\/wp-json\/wp\/v2\/tags?post=34349"}],"curies":[{"name":"wp","href":"https:\/\/api.w.org\/{rel}","templated":true}]}}