{"id":34352,"date":"2019-05-14T14:18:06","date_gmt":"2019-05-14T18:18:06","guid":{"rendered":"https:\/\/linitiative.ca\/International\/senegal-plaidoyer-pour-une-synergie-des-interventions-dans-la-preservation-des-forets\/"},"modified":"2019-05-14T14:18:06","modified_gmt":"2019-05-14T18:18:06","slug":"senegal-plaidoyer-pour-une-synergie-des-interventions-dans-la-preservation-des-forets","status":"publish","type":"post","link":"https:\/\/linitiative.ca\/International\/senegal-plaidoyer-pour-une-synergie-des-interventions-dans-la-preservation-des-forets\/","title":{"rendered":"S\u00e9n\u00e9gal : plaidoyer pour une synergie des interventions dans la pr\u00e9servation des for\u00eats"},"content":{"rendered":"<div readability=\"32\">\n<p>Publi\u00e9 le 14.05.2019 \u00e0 19h18 par APA News<\/p>\n<\/div>\n<div readability=\"67\">\n<p>Le pr\u00e9sident du Conseil national de concertation des ruraux, Nazirou Sall, a plaid\u00e9, mardi \u00e0 Dakar, pour plus de synergie dans les interventions destin\u00e9es la pr\u00e9servation des for\u00eats en vue pour garantir une plus grande efficacit\u00e9.\u00ab Des efforts importants ont \u00e9t\u00e9 fait dans le pass\u00e9 pour la pr\u00e9servation des for\u00eats \u00e0 travers divers projets publics mais, les impacts restent encore faible pour inverser la tendance concernant la d\u00e9gression et la d\u00e9gradation des for\u00eats, d\u2019o\u00f9 l\u2019importance de r\u00e9fl\u00e9chir sur les voies et moyens pour renforcer la synergie des interventions et la mutualisation des moyens en vue de garantir une plus grande efficacit\u00e9 \u00bb, a notamment dit M. Sall.\u00a0<\/p>\n<p>S\u2019exprimant \u00e0 l\u2019occasion d\u2019un atelier sur la gouvernance responsable des for\u00eats \u00e0 la lumi\u00e8re de la loi N\u00b0 2018-25 du 12 novembre 2018 portant code forestier, le pr\u00e9sident du CNCR a soulign\u00e9 la n\u00e9cessit\u00e9 de capitaliser les initiatives d\u00e9velopp\u00e9es par les organisations de la Soci\u00e9t\u00e9 civile \u00ab qui travaillent en partenariat avec les collectivit\u00e9s locales et territoriales \u00bb.\u00a0<\/p>\n<p>Pr\u00e9sidant l\u2019ouverture de cet atelier, le secr\u00e9taire d\u2019Etat charg\u00e9 des Droits humains et de la Bonne gouvernance, Mamadou Saliou Sow, a rappel\u00e9 que le S\u00e9n\u00e9gal, en modifiant son code forestier en 2018, a permis d\u2019int\u00e9grer dans les dispositions nationales les engagements internationaux pris par le S\u00e9n\u00e9gal relatifs \u00e0 la lutte contre le trafic des esp\u00e8ces de flore et faune, \u00e0 la d\u00e9sertification, aux changements climatiques et \u00e0 l\u2019op\u00e9rationnalisation des directives volontaires relatives aux for\u00eats et aux ODD.\u00a0<\/p>\n<p><ins data-revive-zoneid=\"9\" data-revive-id=\"10111e19d28d19d031742ee3b0b33eb0\"\/> <\/p>\n<p>Des repr\u00e9sentants de diff\u00e9rents acteurs impliqu\u00e9s dans l\u2019application des dispositions du code forestier ont particip\u00e9 \u00e0 cette rencontre parmi lesquels, les \u00e9lus locaux qui ont appel\u00e9 \u00e0 une d\u00e9centralisation de ce genre de rencontre, cela en vue d\u2019impliquer davantage les populations \u00e0 la base \u00ab\u00a0car \u00e9tant les premiers concern\u00e9s par ce combat\u00a0\u00bb.<\/p>\n<\/div>\n<p>Auteur: APA News<br \/>\n<a href=\"https:\/\/www.journalducameroun.com\/fr\/senegal-plaidoyer-pour-une-synergie-des-interventions-dans-la-preservation-des-forets\/\">Cliquez ici pour lire l&rsquo;article depuis sa source.<\/a><\/p>\n","protected":false},"excerpt":{"rendered":"<p>Publi\u00e9 le 14.05.2019 \u00e0 19h18 par APA News Le pr\u00e9sident du Conseil national de concertation des ruraux, Nazirou Sall, a plaid\u00e9, mardi \u00e0 Dakar, pour plus de synergie dans les interventions destin\u00e9es la pr\u00e9servation des for\u00eats en vue pour garantir une plus grande efficacit\u00e9.\u00ab Des efforts importants ont \u00e9t\u00e9 fait dans le pass\u00e9 pour la [&hellip;]<\/p>\n","protected":false},"author":1965,"featured_media":0,"comment_status":"closed","ping_status":"closed","sticky":false,"template":"","format":"standard","meta":{"fifu_image_url":"","fifu_image_alt":"","footnotes":""},"categories":[73,82],"tags":[],"class_list":["post-34352","post","type-post","status-publish","format-standard","hentry","category-actualite","category-cameroun"],"_links":{"self":[{"href":"https:\/\/linitiative.ca\/International\/wp-json\/wp\/v2\/posts\/34352","targetHints":{"allow":["GET"]}}],"collection":[{"href":"https:\/\/linitiative.ca\/International\/wp-json\/wp\/v2\/posts"}],"about":[{"href":"https:\/\/linitiative.ca\/International\/wp-json\/wp\/v2\/types\/post"}],"author":[{"embeddable":true,"href":"https:\/\/linitiative.ca\/International\/wp-json\/wp\/v2\/users\/1965"}],"replies":[{"embeddable":true,"href":"https:\/\/linitiative.ca\/International\/wp-json\/wp\/v2\/comments?post=34352"}],"version-history":[{"count":0,"href":"https:\/\/linitiative.ca\/International\/wp-json\/wp\/v2\/posts\/34352\/revisions"}],"wp:attachment":[{"href":"https:\/\/linitiative.ca\/International\/wp-json\/wp\/v2\/media?parent=34352"}],"wp:term":[{"taxonomy":"category","embeddable":true,"href":"https:\/\/linitiative.ca\/International\/wp-json\/wp\/v2\/categories?post=34352"},{"taxonomy":"post_tag","embeddable":true,"href":"https:\/\/linitiative.ca\/International\/wp-json\/wp\/v2\/tags?post=34352"}],"curies":[{"name":"wp","href":"https:\/\/api.w.org\/{rel}","templated":true}]}}