{"id":34353,"date":"2019-05-14T14:18:10","date_gmt":"2019-05-14T18:18:10","guid":{"rendered":"https:\/\/linitiative.ca\/International\/congo-inauguration-du-siege-de-la-beac\/"},"modified":"2019-05-14T14:18:10","modified_gmt":"2019-05-14T18:18:10","slug":"congo-inauguration-du-siege-de-la-beac","status":"publish","type":"post","link":"https:\/\/linitiative.ca\/International\/congo-inauguration-du-siege-de-la-beac\/","title":{"rendered":"Congo : inauguration du si\u00e8ge de la BEAC"},"content":{"rendered":"<div readability=\"32\">\n<p>Publi\u00e9 le 14.05.2019 \u00e0 19h18 par APA News<\/p>\n<\/div>\n<div readability=\"95\">\n<p>Le pr\u00e9sident de la R\u00e9publique du Congo, Denis Sassou-N\u2019Guesso a proc\u00e9d\u00e9 \u00e0 l\u2019inauguration du si\u00e8ge de la Banque des Etats de l\u2019Afrique Centrale (BEAC) situ\u00e9 \u00e0 Oyo, \u00e0 environ 400 km au nord de Brazzaville.\u00ab La construction de nouveau si\u00e8ge r\u00e9pond au d\u00e9fi de modernisation de notre pays et \u00e0 la volont\u00e9 du pr\u00e9sident Denis Sassou-N\u2019Guesso d\u2019\u0153uvrer pour l\u2019int\u00e9gration \u00e9conomique et mon\u00e9taire de la sous-r\u00e9gion dont il est l\u2019un des plus grands d\u00e9fenseurs \u00bb, a soutenu Calixte Nganongo, le ministre congolais des Finances et du Budget.<\/p>\n<p>L\u2019inauguration du si\u00e8ge de la Banque des Etats de l\u2019Afrique Centrale (BEAC) a eu lieu hier lundi. Dans son allocution, M. Nganongo s\u2019est r\u00e9joui que \u00ab malgr\u00e9 les retards dans l\u2019ex\u00e9cution de cet ambitieux projet, l\u2019infrastructure splendide se dresse d\u00e9sormais \u00bb.<\/p>\n<p>Poursuivant, l\u2019argentier du gouvernement congolais a indiqu\u00e9 que les pays de la BEAC doivent travailler davantage \u00ab pour la promotion du financement direct et indirect des PME\/PMI (Petites et moyennes entreprises\/Petites et moyennes industries), pour la construction d\u2019un puissant p\u00f4le financier et pour le renforcement de l\u2019int\u00e9gration sous-r\u00e9gionale \u00bb.<\/p>\n<p>Pour sa part, Abbas Mahamat Tolli, le Gouverneur de la Banque des Etats de l\u2019Afrique Centrale (BEAC) a salu\u00e9 les efforts consentis par le chef de l\u2019Etat Denis Sassou-N\u2019Guesso pour l\u2019int\u00e9gration sous-r\u00e9gionale, soulignant que sa \u00ab contribution personnelle \u00e0 la mise en \u0153uvre de la d\u00e9marche collective est consid\u00e9rable \u00bb.<\/p>\n<p>A en croire M. Tolli, \u00ab l\u2019implantation \u00e0 Oyo du si\u00e8ge de la BEAC sera b\u00e9n\u00e9fique pour l\u2019\u00e9conomie du Congo et de tous les pays-membres de l\u2019institution financi\u00e8re comme la R\u00e9publique D\u00e9mocratique du Congo, le Gabon, le Cameroun et la R\u00e9publique Centrafricaine \u00bb.<\/p>\n<p><ins data-revive-zoneid=\"9\" data-revive-id=\"10111e19d28d19d031742ee3b0b33eb0\"\/> <\/p>\n<p>La croissance \u00e9conomique de la Cemac a atteint 1,7 % en 2018 contre 0,2 % en 2017. Le taux d\u2019inflation, qui s\u2019\u00e9tablit en moyenne \u00e0 2,1 %, est en dessous du seuil communautaire de 3 %. Le Gouverneur de la BEAC a ainsi salu\u00e9 l\u2019am\u00e9lioration de la situation \u00e9conomique de cette zone \u00e9conomique.<\/p>\n<p>\u00ab Les progr\u00e8s accomplis par l\u2019ensemble des parties \u00e0 savoir les Etats, les institutions communautaires et les partenaires au d\u00e9veloppement, commencent \u00e0 produire des effets avec notamment le renforcement progressif de l\u2019\u00e9quilibre macro\u00e9conomique et la stabilisation de la position ext\u00e9rieure de la communaut\u00e9 \u00bb, a fait remarquer Abbas Mahamat Tolli.<\/p>\n<p>Par ailleurs, a-t-il constat\u00e9, \u00ab les actions vigoureuses engag\u00e9es par le Congo sont en parfaite coh\u00e9rence avec la strat\u00e9gie communautaire de redressement \u00e9conomique et financier. Celle-ci devrait se traduire par une relance de la croissance qui s\u2019\u00e9tablit \u00e0 2 % \u00bb.<\/p>\n<p>Le chef de l\u2019Etat congolais Denis Sassou-N\u2019Guesso avait pos\u00e9 en 2013 la premi\u00e8re pierre du si\u00e8ge de la Banque des Etats de l\u2019Afrique Centrale (BEAC) et la construction de cet \u00e9difice a dur\u00e9 deux ans.<\/p>\n<\/div>\n<p>Auteur: APA News<br \/>\n<a href=\"https:\/\/www.journalducameroun.com\/fr\/congo-inauguration-du-siege-de-la-beac\/\">Cliquez ici pour lire l&rsquo;article depuis sa source.<\/a><\/p>\n","protected":false},"excerpt":{"rendered":"<p>Publi\u00e9 le 14.05.2019 \u00e0 19h18 par APA News Le pr\u00e9sident de la R\u00e9publique du Congo, Denis Sassou-N\u2019Guesso a proc\u00e9d\u00e9 \u00e0 l\u2019inauguration du si\u00e8ge de la Banque des Etats de l\u2019Afrique Centrale (BEAC) situ\u00e9 \u00e0 Oyo, \u00e0 environ 400 km au nord de Brazzaville.\u00ab La construction de nouveau si\u00e8ge r\u00e9pond au d\u00e9fi de modernisation de notre [&hellip;]<\/p>\n","protected":false},"author":1965,"featured_media":0,"comment_status":"closed","ping_status":"closed","sticky":false,"template":"","format":"standard","meta":{"fifu_image_url":"","fifu_image_alt":"","footnotes":""},"categories":[73,82],"tags":[],"class_list":["post-34353","post","type-post","status-publish","format-standard","hentry","category-actualite","category-cameroun"],"_links":{"self":[{"href":"https:\/\/linitiative.ca\/International\/wp-json\/wp\/v2\/posts\/34353","targetHints":{"allow":["GET"]}}],"collection":[{"href":"https:\/\/linitiative.ca\/International\/wp-json\/wp\/v2\/posts"}],"about":[{"href":"https:\/\/linitiative.ca\/International\/wp-json\/wp\/v2\/types\/post"}],"author":[{"embeddable":true,"href":"https:\/\/linitiative.ca\/International\/wp-json\/wp\/v2\/users\/1965"}],"replies":[{"embeddable":true,"href":"https:\/\/linitiative.ca\/International\/wp-json\/wp\/v2\/comments?post=34353"}],"version-history":[{"count":0,"href":"https:\/\/linitiative.ca\/International\/wp-json\/wp\/v2\/posts\/34353\/revisions"}],"wp:attachment":[{"href":"https:\/\/linitiative.ca\/International\/wp-json\/wp\/v2\/media?parent=34353"}],"wp:term":[{"taxonomy":"category","embeddable":true,"href":"https:\/\/linitiative.ca\/International\/wp-json\/wp\/v2\/categories?post=34353"},{"taxonomy":"post_tag","embeddable":true,"href":"https:\/\/linitiative.ca\/International\/wp-json\/wp\/v2\/tags?post=34353"}],"curies":[{"name":"wp","href":"https:\/\/api.w.org\/{rel}","templated":true}]}}