{"id":34354,"date":"2019-05-14T14:18:12","date_gmt":"2019-05-14T18:18:12","guid":{"rendered":"https:\/\/linitiative.ca\/International\/can-2019-le-cameroun-se-preparera-en-espagne-et-au-qatar-federation\/"},"modified":"2019-05-14T14:18:12","modified_gmt":"2019-05-14T18:18:12","slug":"can-2019-le-cameroun-se-preparera-en-espagne-et-au-qatar-federation","status":"publish","type":"post","link":"https:\/\/linitiative.ca\/International\/can-2019-le-cameroun-se-preparera-en-espagne-et-au-qatar-federation\/","title":{"rendered":"Can 2019 : le Cameroun se pr\u00e9parera en Espagne et au Qatar (f\u00e9d\u00e9ration)"},"content":{"rendered":"<div readability=\"32\">\n<p>Publi\u00e9 le 14.05.2019 \u00e0 19h18 par APA News<\/p>\n<\/div>\n<div readability=\"52\">\n<p>L\u2019\u00e9quipe nationale du Cameroun, championne en titre de la Coupe d\u2019Afrique des Nations, sera respectivement en Espagne et au Qatar du 4 au 20 juin prochain pour sa pr\u00e9paration \u00e0 la CAN 2019, a appris APA ce mardi aupr\u00e8s de la F\u00e9d\u00e9ration camerounaise de football (Fecafoot).Durant le premier stage, les Lions indomptables joueront un match amical le 9 juin prochain face au Turkm\u00e9nistan. \u00c0 Doha, la capitale du Qatar o\u00f9 ils s\u00e9journeront jusqu\u2019au 17 juin, les Camerounais se mesureront \u00e0 l\u2019Ouzb\u00e9kistan.<\/p>\n<p>L\u2019\u00e9quipe nationale sera ensuite au Cameroun avant de se rendre le 21 juin \u00e0 Isma\u00eflia (Egypte), ville o\u00f9 sera bas\u00e9 le groupe F de la CAN 2019 qui compte \u00e9galement le B\u00e9nin, le Ghana et la Guin\u00e9e Bissau.<\/p>\n<p><ins data-revive-zoneid=\"9\" data-revive-id=\"10111e19d28d19d031742ee3b0b33eb0\"\/> <\/p>\n<p>En fin de semaine derni\u00e8re, le coach n\u00e9erlandais Clarence Seedorf a publi\u00e9 une liste de 32 joueurs pr\u00e9s\u00e9lectionn\u00e9s pour la 32\u00e8me \u00e9dition de la CAN \u00abEgypte 2019\u00bb pr\u00e9vue du 21 juin au 19 juillet 2019.<\/p>\n<\/div>\n<p>Auteur: APA News<br \/>\n<a href=\"https:\/\/www.journalducameroun.com\/fr\/can-2019-le-cameroun-se-preparera-en-espagne-et-au-qatar-federation\/\">Cliquez ici pour lire l&rsquo;article depuis sa source.<\/a><\/p>\n","protected":false},"excerpt":{"rendered":"<p>Publi\u00e9 le 14.05.2019 \u00e0 19h18 par APA News L\u2019\u00e9quipe nationale du Cameroun, championne en titre de la Coupe d\u2019Afrique des Nations, sera respectivement en Espagne et au Qatar du 4 au 20 juin prochain pour sa pr\u00e9paration \u00e0 la CAN 2019, a appris APA ce mardi aupr\u00e8s de la F\u00e9d\u00e9ration camerounaise de football (Fecafoot).Durant le [&hellip;]<\/p>\n","protected":false},"author":1965,"featured_media":0,"comment_status":"closed","ping_status":"closed","sticky":false,"template":"","format":"standard","meta":{"fifu_image_url":"","fifu_image_alt":"","footnotes":""},"categories":[73,82],"tags":[],"class_list":["post-34354","post","type-post","status-publish","format-standard","hentry","category-actualite","category-cameroun"],"_links":{"self":[{"href":"https:\/\/linitiative.ca\/International\/wp-json\/wp\/v2\/posts\/34354","targetHints":{"allow":["GET"]}}],"collection":[{"href":"https:\/\/linitiative.ca\/International\/wp-json\/wp\/v2\/posts"}],"about":[{"href":"https:\/\/linitiative.ca\/International\/wp-json\/wp\/v2\/types\/post"}],"author":[{"embeddable":true,"href":"https:\/\/linitiative.ca\/International\/wp-json\/wp\/v2\/users\/1965"}],"replies":[{"embeddable":true,"href":"https:\/\/linitiative.ca\/International\/wp-json\/wp\/v2\/comments?post=34354"}],"version-history":[{"count":0,"href":"https:\/\/linitiative.ca\/International\/wp-json\/wp\/v2\/posts\/34354\/revisions"}],"wp:attachment":[{"href":"https:\/\/linitiative.ca\/International\/wp-json\/wp\/v2\/media?parent=34354"}],"wp:term":[{"taxonomy":"category","embeddable":true,"href":"https:\/\/linitiative.ca\/International\/wp-json\/wp\/v2\/categories?post=34354"},{"taxonomy":"post_tag","embeddable":true,"href":"https:\/\/linitiative.ca\/International\/wp-json\/wp\/v2\/tags?post=34354"}],"curies":[{"name":"wp","href":"https:\/\/api.w.org\/{rel}","templated":true}]}}