{"id":34356,"date":"2019-05-14T15:18:05","date_gmt":"2019-05-14T19:18:05","guid":{"rendered":"https:\/\/linitiative.ca\/International\/le-ghana-pret-a-accueillir-le-secretariat-de-la-zleca-akufo-addo\/"},"modified":"2019-05-14T15:18:05","modified_gmt":"2019-05-14T19:18:05","slug":"le-ghana-pret-a-accueillir-le-secretariat-de-la-zleca-akufo-addo","status":"publish","type":"post","link":"https:\/\/linitiative.ca\/International\/le-ghana-pret-a-accueillir-le-secretariat-de-la-zleca-akufo-addo\/","title":{"rendered":"Le Ghana pr\u00eat \u00e0 accueillir le Secr\u00e9tariat de la ZLECA (Akufo-Addo)"},"content":{"rendered":"<div readability=\"32\">\n<p>Publi\u00e9 le 14.05.2019 \u00e0 20h18 par APA News<\/p>\n<\/div>\n<div readability=\"58\">\n<p>Le pr\u00e9sident ghan\u00e9en Nana Akufo-Addo a assur\u00e9 aux responsables de l\u2019Union africaine (UA) que son pays est pr\u00eat \u00e0 accueillir le si\u00e8ge du Secr\u00e9tariat de la Zone de libre-\u00e9change continentale (ZLECA).S\u2019exprimant lors d\u2019une r\u00e9union tenue avec une \u00e9quipe de la Commission de l\u2019UA pour \u00e9valuer l\u2019\u00e9tat de pr\u00e9paration du pays \u00e0 accueillir le Secr\u00e9tariat, le pr\u00e9sident Akufo-Addo a soutenu que le Ghana avait les installations n\u00e9cessaires pour accueillir ce prestigieux bureau.<\/p>\n<p>\u00a0Il a expliqu\u00e9 qu\u2019en plus du fort attachement du pays au projet de l\u2019UA et \u00e0 l\u2019int\u00e9gration r\u00e9gionale et continentale, la capitale du Ghana serait un centre efficace pour le travail de la ZLECA.<\/p>\n<p>\u00a0L\u2019accord de libre-\u00e9change continental n\u00e9goci\u00e9 par l\u2019UA l\u2019ann\u00e9e derni\u00e8re exige des membres qu\u2019ils r\u00e9duisent de 90% les droits de douane sur les marchandises et permettent le libre acc\u00e8s aux marchandises, biens et services \u00e0 travers le continent.<\/p>\n<p>\u00a0Le pr\u00e9sident Akufo-Addo a rappel\u00e9 \u00e0 la d\u00e9l\u00e9gation que l\u2019id\u00e9e d\u2019un libre-\u00e9change en Afrique avait d\u2019abord \u00e9t\u00e9 \u00e9voqu\u00e9e par le regrett\u00e9 pr\u00e9sident John Evans Atta-Mills, et compte tenu du r\u00f4le actif que le pays jouait dans la r\u00e9alisation de ce r\u00eave, ce pays \u00e9tait id\u00e9al pour accueillir son Secr\u00e9tariat.<\/p>\n<p><ins data-revive-zoneid=\"9\" data-revive-id=\"10111e19d28d19d031742ee3b0b33eb0\"\/> <\/p>\n<p>\u00a0Le chef de l\u2019\u00e9quipe \u00a0de l\u2019UA, Nyirinkindi Katungye, a d\u00e9clar\u00e9 \u00e0 son tour que l\u2019\u00e9quipe \u00e9valuait actuellement les pays qui se sont propos\u00e9 pour accueillir le centre.<\/p>\n<\/div>\n<p>Auteur: APA News<br \/>\n<a href=\"https:\/\/www.journalducameroun.com\/fr\/le-ghana-pret-a-accueillir-le-secretariat-de-la-zleca-akufo-addo\/\">Cliquez ici pour lire l&rsquo;article depuis sa source.<\/a><\/p>\n","protected":false},"excerpt":{"rendered":"<p>Publi\u00e9 le 14.05.2019 \u00e0 20h18 par APA News Le pr\u00e9sident ghan\u00e9en Nana Akufo-Addo a assur\u00e9 aux responsables de l\u2019Union africaine (UA) que son pays est pr\u00eat \u00e0 accueillir le si\u00e8ge du Secr\u00e9tariat de la Zone de libre-\u00e9change continentale (ZLECA).S\u2019exprimant lors d\u2019une r\u00e9union tenue avec une \u00e9quipe de la Commission de l\u2019UA pour \u00e9valuer l\u2019\u00e9tat de [&hellip;]<\/p>\n","protected":false},"author":1965,"featured_media":0,"comment_status":"closed","ping_status":"closed","sticky":false,"template":"","format":"standard","meta":{"fifu_image_url":"","fifu_image_alt":"","footnotes":""},"categories":[73,82],"tags":[],"class_list":["post-34356","post","type-post","status-publish","format-standard","hentry","category-actualite","category-cameroun"],"_links":{"self":[{"href":"https:\/\/linitiative.ca\/International\/wp-json\/wp\/v2\/posts\/34356","targetHints":{"allow":["GET"]}}],"collection":[{"href":"https:\/\/linitiative.ca\/International\/wp-json\/wp\/v2\/posts"}],"about":[{"href":"https:\/\/linitiative.ca\/International\/wp-json\/wp\/v2\/types\/post"}],"author":[{"embeddable":true,"href":"https:\/\/linitiative.ca\/International\/wp-json\/wp\/v2\/users\/1965"}],"replies":[{"embeddable":true,"href":"https:\/\/linitiative.ca\/International\/wp-json\/wp\/v2\/comments?post=34356"}],"version-history":[{"count":0,"href":"https:\/\/linitiative.ca\/International\/wp-json\/wp\/v2\/posts\/34356\/revisions"}],"wp:attachment":[{"href":"https:\/\/linitiative.ca\/International\/wp-json\/wp\/v2\/media?parent=34356"}],"wp:term":[{"taxonomy":"category","embeddable":true,"href":"https:\/\/linitiative.ca\/International\/wp-json\/wp\/v2\/categories?post=34356"},{"taxonomy":"post_tag","embeddable":true,"href":"https:\/\/linitiative.ca\/International\/wp-json\/wp\/v2\/tags?post=34356"}],"curies":[{"name":"wp","href":"https:\/\/api.w.org\/{rel}","templated":true}]}}