{"id":34357,"date":"2019-05-14T15:18:06","date_gmt":"2019-05-14T19:18:06","guid":{"rendered":"https:\/\/linitiative.ca\/International\/cameroun-le-4e-recensement-de-la-population-dans-limpasse\/"},"modified":"2019-05-14T15:18:06","modified_gmt":"2019-05-14T19:18:06","slug":"cameroun-le-4e-recensement-de-la-population-dans-limpasse","status":"publish","type":"post","link":"https:\/\/linitiative.ca\/International\/cameroun-le-4e-recensement-de-la-population-dans-limpasse\/","title":{"rendered":"Cameroun : le 4e recensement de la population dans l\u2019impasse"},"content":{"rendered":"<div readability=\"32\">\n<p>Publi\u00e9 le 14.05.2019 \u00e0 20h18 par APA News<\/p>\n<\/div>\n<div readability=\"123\">\n<p>Les op\u00e9rations de d\u00e9nombrement principal dans le cadre du quatri\u00e8me recensement g\u00e9n\u00e9ral de la population et de l\u2019habitat (RGPH) du Cameroun, annonc\u00e9es depuis bient\u00f4t 2 ans, n\u2019ont toujours pas d\u00e9marr\u00e9 sur le terrain, a constat\u00e9 APA.Selon des sources proches du minist\u00e8re de l\u2019\u00c9conomie, du Plan et de l\u2019Am\u00e9nagement du territoire (Minepat), ce retard dans le chronogramme est la cons\u00e9quence de l\u2019ins\u00e9curit\u00e9 qui r\u00e8gne dans la partie septentrionale du Cameroun, cons\u00e9cutive aux assauts de la secte islamiste Boko Haram, mais \u00e9galement dans les r\u00e9gions anglophones du Nord-Ouest et du Sud-Ouest o\u00f9 de violentes revendications s\u00e9cessionnistes ont cours depuis octobre 2016.\u00a0<\/p>\n<p>\u00a0En d\u00e9but mars dernier, la 24e session du comit\u00e9 de suivi des activit\u00e9s du 4e RGPH, plac\u00e9e sous les auspices du Minepat, avait eu \u00e0 constater que l\u2019ex\u00e9cution du d\u00e9nombrement principal se heurtait \u00e0 des contraintes li\u00e9es au d\u00e9blocage des ressources financi\u00e8res n\u00e9cessaires, soit environ 15 milliards FCFA, et \u00e0 la situation s\u00e9curitaire pr\u00e9valant en zone s\u00e9paratiste.<\/p>\n<p>\u00a0\u00c0 en croire son directeur g\u00e9n\u00e9ral, Bernadette Mbarga, \u00ab le Bucrep est techniquement pr\u00eat \u00bb apr\u00e8s avoir men\u00e9 toutes les activit\u00e9s pr\u00e9paratoires, arr\u00eat\u00e9 le nombre de zones de d\u00e9nombrement et acquis plus de 33.000 Smartphones d\u00e9j\u00e0 param\u00e9tr\u00e9s et \u00e9quip\u00e9s d\u2019applications avec cartes embarqu\u00e9es.<\/p>\n<p>\u00a0L\u2019organisme, d\u00e9sormais dot\u00e9 d\u2019un r\u00e9pertoire national des localit\u00e9s et ayant finalis\u00e9 le document des infrastructures communautaires, avait \u00e9galement lanc\u00e9 le processus de recrutement des agents recenseurs depuis une ann\u00e9e.<\/p>\n<p>\u00a0Toujours est-il que, selon le pr\u00e9sident du comit\u00e9 de suivi, Jean Tchoffo, par ailleurs secr\u00e9taire g\u00e9n\u00e9ral du Minepat, les pouvoirs publics s\u2019emploient \u00e0 \u00ab tout mettre en \u0153uvre pour mobiliser les ressources n\u00e9cessaires \u00e0 l\u2019ex\u00e9cution du d\u00e9nombrement principal avant fin 2019\u00bb.<\/p>\n<p>\u00a0En septembre 2015, rappelle-t-on, l\u2019op\u00e9ration de mise \u00e0 jour de la base cartographique, dans la perspective du 4\u00e8me recensement, avait d\u00e9j\u00e0 \u00e9t\u00e9 stopp\u00e9e \u00e0 cause de la menace Boko Haram dans l\u2019Extr\u00eame-Nord.<\/p>\n<p><ins data-revive-zoneid=\"9\" data-revive-id=\"10111e19d28d19d031742ee3b0b33eb0\"\/> <\/p>\n<p>\u00a0Au terme de la phase de renforcement de ses capacit\u00e9s institutionnelles et des capacit\u00e9s techniques de ses cadres, en 2014, le Bucrep avait en effet pr\u00e9vu, au cours du second semestre de l\u2018ann\u00e9e en cours, d\u2019engager l\u2019un des tournants les plus importants de ladite op\u00e9ration consistant \u00e0 exploiter et \u00e0 interpr\u00e9ter des images satellitaires et\/ou des photographies a\u00e9riennes. Cela servirait en effet de base pour la pr\u00e9-identification des entit\u00e9s g\u00e9ographiques ainsi que le pr\u00e9-d\u00e9coupage des limites des zones de d\u00e9nombrement, permettant notamment l\u2019all\u00e8gement du travail sur le terrain.<\/p>\n<p>Financ\u00e9 par le gouvernement avec l\u2019appui des partenaires au d\u00e9veloppement, le 4\u00e8me RGPH ambitionne de dresser l\u2019\u00e9tat, la structure, la distribution spatiale et l\u2019\u00e9volution de la population dans le temps.<\/p>\n<p>\u00a0Le chronogramme officiel pr\u00e9voit, apr\u00e8s les travaux pr\u00e9paratoires, le recensement pilote, la cartographie censitaire, le d\u00e9nombrement principal, l\u2019enqu\u00eate post-censitaire, l\u2019exploitation des questionnaires, l\u2019analyse des donn\u00e9es, la publication et la diss\u00e9mination des r\u00e9sultats, la sensibilisation ainsi que la coordination technique et administrative.<\/p>\n<p>\u00a0Le Cameroun est pass\u00e9 d\u2019une population estim\u00e9e 24,348 millions d\u2019habitants en 2019 contre 22,179 millions en 2015, selon les statistiques du Bucrep. Une d\u00e9cennie plus t\u00f4t, elle \u00e9tait de 10,493 millions en 1987 et 7,663 en 1976.<\/p>\n<\/div>\n<p>Auteur: APA News<br \/>\n<a href=\"https:\/\/www.journalducameroun.com\/fr\/cameroun-le-4e-recensement-de-la-population-dans-limpasse\/\">Cliquez ici pour lire l&rsquo;article depuis sa source.<\/a><\/p>\n","protected":false},"excerpt":{"rendered":"<p>Publi\u00e9 le 14.05.2019 \u00e0 20h18 par APA News Les op\u00e9rations de d\u00e9nombrement principal dans le cadre du quatri\u00e8me recensement g\u00e9n\u00e9ral de la population et de l\u2019habitat (RGPH) du Cameroun, annonc\u00e9es depuis bient\u00f4t 2 ans, n\u2019ont toujours pas d\u00e9marr\u00e9 sur le terrain, a constat\u00e9 APA.Selon des sources proches du minist\u00e8re de l\u2019\u00c9conomie, du Plan et de [&hellip;]<\/p>\n","protected":false},"author":1965,"featured_media":0,"comment_status":"closed","ping_status":"closed","sticky":false,"template":"","format":"standard","meta":{"fifu_image_url":"","fifu_image_alt":"","footnotes":""},"categories":[73,82],"tags":[],"class_list":["post-34357","post","type-post","status-publish","format-standard","hentry","category-actualite","category-cameroun"],"_links":{"self":[{"href":"https:\/\/linitiative.ca\/International\/wp-json\/wp\/v2\/posts\/34357","targetHints":{"allow":["GET"]}}],"collection":[{"href":"https:\/\/linitiative.ca\/International\/wp-json\/wp\/v2\/posts"}],"about":[{"href":"https:\/\/linitiative.ca\/International\/wp-json\/wp\/v2\/types\/post"}],"author":[{"embeddable":true,"href":"https:\/\/linitiative.ca\/International\/wp-json\/wp\/v2\/users\/1965"}],"replies":[{"embeddable":true,"href":"https:\/\/linitiative.ca\/International\/wp-json\/wp\/v2\/comments?post=34357"}],"version-history":[{"count":0,"href":"https:\/\/linitiative.ca\/International\/wp-json\/wp\/v2\/posts\/34357\/revisions"}],"wp:attachment":[{"href":"https:\/\/linitiative.ca\/International\/wp-json\/wp\/v2\/media?parent=34357"}],"wp:term":[{"taxonomy":"category","embeddable":true,"href":"https:\/\/linitiative.ca\/International\/wp-json\/wp\/v2\/categories?post=34357"},{"taxonomy":"post_tag","embeddable":true,"href":"https:\/\/linitiative.ca\/International\/wp-json\/wp\/v2\/tags?post=34357"}],"curies":[{"name":"wp","href":"https:\/\/api.w.org\/{rel}","templated":true}]}}