{"id":34359,"date":"2019-05-14T17:50:02","date_gmt":"2019-05-14T21:50:02","guid":{"rendered":"https:\/\/linitiative.ca\/International\/antoine-griezmann-en-bref\/"},"modified":"2019-05-14T17:50:02","modified_gmt":"2019-05-14T21:50:02","slug":"antoine-griezmann-en-bref","status":"publish","type":"post","link":"https:\/\/linitiative.ca\/International\/antoine-griezmann-en-bref\/","title":{"rendered":"Antoine Griezmann en bref"},"content":{"rendered":"<div readability=\"32\">\n<p>Publi\u00e9 le 14.05.2019 \u00e0 22h50 par AFP<\/p>\n<\/div>\n<div readability=\"56\">\n<p>Antoine Griezmann, qui a annonc\u00e9 mardi son d\u00e9part de l\u2019Atl\u00e9tico Madrid, en bref:<\/p>\n<p>Nom: Griezmann<\/p>\n<p>Pr\u00e9nom: Antoine<\/p>\n<p>Date de naissance: 21\/03\/1991 (28 ans)<\/p>\n<p>Lieu de naissance: M\u00e2con (Sa\u00f4ne-et-Loire)<\/p>\n<p>Taille: 1,76 m<\/p>\n<p>Poids: 71 kg<\/p>\n<p>Poste: attaquant<\/p>\n<p>Clubs successifs: Real Sociedad (ESP\/2009-2014), Atl\u00e9tico Madrid (ESP\/2014-2019)<\/p>\n<p>Equipe de France: 69 s\u00e9lections (28 buts)<\/p>\n<p><ins data-revive-zoneid=\"9\" data-revive-id=\"10111e19d28d19d031742ee3b0b33eb0\"\/> <\/p>\n<p>1re s\u00e9lection: France \u2013 Pays-Bas 2-0 (05\/03\/2014, amical)<\/p>\n<p>Palmar\u00e8s<\/p>\n<p>En \u00e9quipe de France:<\/p>\n<p>Vainqueur de la Coupe du monde 2018<\/p>\n<p>Finaliste de l\u2019Euro-2016<\/p>\n<p>En club:<\/p>\n<p>Vainqueur de l\u2019Europa League 2018<\/p>\n<p>Vainqueur de la Supercoupe d\u2019Espagne 2014<\/p>\n<p>Finaliste de la Ligue des champions en 2014 et 2016<\/p>\n<\/div>\n<p>Auteur: AFP<br \/>\n<a href=\"https:\/\/www.journalducameroun.com\/fr\/antoine-griezmann-en-bref\/\">Cliquez ici pour lire l&rsquo;article depuis sa source.<\/a><\/p>\n","protected":false},"excerpt":{"rendered":"<p>Publi\u00e9 le 14.05.2019 \u00e0 22h50 par AFP Antoine Griezmann, qui a annonc\u00e9 mardi son d\u00e9part de l\u2019Atl\u00e9tico Madrid, en bref: Nom: Griezmann Pr\u00e9nom: Antoine Date de naissance: 21\/03\/1991 (28 ans) Lieu de naissance: M\u00e2con (Sa\u00f4ne-et-Loire) Taille: 1,76 m Poids: 71 kg Poste: attaquant Clubs successifs: Real Sociedad (ESP\/2009-2014), Atl\u00e9tico Madrid (ESP\/2014-2019) Equipe de France: 69 [&hellip;]<\/p>\n","protected":false},"author":1965,"featured_media":0,"comment_status":"closed","ping_status":"closed","sticky":false,"template":"","format":"standard","meta":{"fifu_image_url":"","fifu_image_alt":"","footnotes":""},"categories":[73,82],"tags":[],"class_list":["post-34359","post","type-post","status-publish","format-standard","hentry","category-actualite","category-cameroun"],"_links":{"self":[{"href":"https:\/\/linitiative.ca\/International\/wp-json\/wp\/v2\/posts\/34359","targetHints":{"allow":["GET"]}}],"collection":[{"href":"https:\/\/linitiative.ca\/International\/wp-json\/wp\/v2\/posts"}],"about":[{"href":"https:\/\/linitiative.ca\/International\/wp-json\/wp\/v2\/types\/post"}],"author":[{"embeddable":true,"href":"https:\/\/linitiative.ca\/International\/wp-json\/wp\/v2\/users\/1965"}],"replies":[{"embeddable":true,"href":"https:\/\/linitiative.ca\/International\/wp-json\/wp\/v2\/comments?post=34359"}],"version-history":[{"count":0,"href":"https:\/\/linitiative.ca\/International\/wp-json\/wp\/v2\/posts\/34359\/revisions"}],"wp:attachment":[{"href":"https:\/\/linitiative.ca\/International\/wp-json\/wp\/v2\/media?parent=34359"}],"wp:term":[{"taxonomy":"category","embeddable":true,"href":"https:\/\/linitiative.ca\/International\/wp-json\/wp\/v2\/categories?post=34359"},{"taxonomy":"post_tag","embeddable":true,"href":"https:\/\/linitiative.ca\/International\/wp-json\/wp\/v2\/tags?post=34359"}],"curies":[{"name":"wp","href":"https:\/\/api.w.org\/{rel}","templated":true}]}}