{"id":34380,"date":"2019-05-14T12:17:32","date_gmt":"2019-05-14T16:17:32","guid":{"rendered":"https:\/\/linitiative.ca\/International\/commune-de-mbang-lex-maire-joseph-ngolzamba-condamne-a-payer-534-millions-de-fcfa\/"},"modified":"2019-05-14T12:17:32","modified_gmt":"2019-05-14T16:17:32","slug":"commune-de-mbang-lex-maire-joseph-ngolzamba-condamne-a-payer-534-millions-de-fcfa","status":"publish","type":"post","link":"https:\/\/linitiative.ca\/International\/commune-de-mbang-lex-maire-joseph-ngolzamba-condamne-a-payer-534-millions-de-fcfa\/","title":{"rendered":"Commune de Mbang: l\u2019ex maire Joseph Ngolzamba condamn\u00e9 \u00e0 payer 534 millions de Fcfa"},"content":{"rendered":"<p>Dans sa d\u00e9cision du 22 Avril 2019, le tribunal criminel Sp\u00e9cial (<strong>TCS<\/strong>) a condamn\u00e9 <strong>Joseph Ngolzamba<\/strong>, ex maire de la commune de Mbang \u00e0 15 ans de prison ferme. Selon des informations recueillies, il doit payer <strong>534 millions<\/strong> r\u00e9partis comme suit\u00a0: 503 millions de francs de dommages et int\u00e9r\u00eats \u00e0 titre de r\u00e9paration du pr\u00e9judice financier subi par la commune de Mbang, 5 millions de francs pour les d\u00e9penses relatives \u00e0 la proc\u00e9dure engag\u00e9e par le minist\u00e8re des finances, et 26 millions de francs de frais li\u00e9s au proc\u00e8s, \u00e0 verser au tr\u00e9sor public\u00a0; au d\u00e9triment d\u2019environ <strong>2 milliards de Fcfa<\/strong>.<\/p>\n<p>\u00ab\u00a0<em>En d\u00e9pit des arguments d\u00e9velopp\u00e9s par les deux avocats de l\u2019ancien maire, ce dernier n\u2019a pas pu se tirer compl\u00e9tement de l\u2019affaire. Mais au regard des d\u00e9bats conduits par le tribunal en audience publique, il est apparu que l\u2019accus\u00e9 n\u2019\u00e9tait pas saint, mais qu\u2019il n\u2019\u00e9tait pas non plus un d\u00e9mon comme l\u2019avait affirm\u00e9 ses d\u00e9nonciateurs, le calomniant d\u2019avoir distrait environs 2 milliards quand il \u00e9tait en fonction<\/em>\u00a0\u00bb, rapporte une source.<\/p>\n<p>En effet, il aurait \u00e9t\u00e9 interpell\u00e9 suite \u00e0 une d\u00e9nonciation faite par les chefs traditionnels et par certains conseillers municipaux de la localit\u00e9 de Mbang, d\u00e9partement de la Kadey, r\u00e9gion de l\u2019Est, qui l\u2019avaient accus\u00e9 d\u2019user des march\u00e9s fictifs pour s\u2019enrichir au d\u00e9triment de d\u00e9velopper la commune, pour un d\u00e9tournement des fonds publics \u00e9valu\u00e9s \u00e0 <strong>1,6 milliards de francs<\/strong>. Mais apr\u00e8s de longs et m\u00e9ticuleux\u00a0d\u00e9bats, le coll\u00e8ge des juges\u00a0a finalement retenu trois chefs d\u2019accusation, contre sept au d\u00e9part. D\u2019o\u00f9 une condamnation qui repose sur un d\u00e9tournement de 503 millions de francs, selon la d\u00e9cision du TCS.<\/p>\n<p>Les juges ont estim\u00e9 que le crime de d\u00e9tournement des biens publics concernait la gestion d\u2019une somme de <strong>170 millions de francs<\/strong> issue de la redevance foresti\u00e8re et affect\u00e9e aux projets des communaut\u00e9s villageoises, une autre somme de <strong>36,7 millions de francs<\/strong> englouti dans la r\u00e9habilitation partielle d\u2019une route (Kagnol I- Ateck), longue de 43 km mais travaill\u00e9e sur 25 km, mais aussi 307 millions de francs repr\u00e9sentant les frais acquisition de deux engins lourds de travaux publics. Le tribunal a estim\u00e9 avoir retenu ces accusations, parce que la gestion de l\u2019ex maire \u00e9tait \u00ab\u00a0<em>opaque et truff\u00e9e de faux<\/em>\u00a0\u00bb. Joseph Ngolzamba et son \u00e9pouse auraient sombr\u00e9 dans une situation de conflit d\u2019int\u00e9r\u00eat, sachant pourtant que la loi leur interdisait de gagner des march\u00e9s \u00e0 la commune de Mbang.<\/p>\n<div class=\"about-author about-author-box container-wrapper\">\n<div class=\"author-avatar\">\n<p><img decoding=\"async\" src=\"http:\/\/\" alt=\"\"\/><\/p>\n<\/div>\n<p><h4>La R\u00e9daction EcoMatin<\/h4>\n<\/p>\n<\/div>\n<div class=\"awac-wrapper awac widget blog_subscription-2\">\n<h4 class=\"widget-title\">Abonnez-vous \u00e0 notre lettre d&rsquo;information<\/h4>\n<\/div>\n<p>Auteur: EcoMatin<br \/>\n<a href=\"https:\/\/ecomatin.net\/commune-de-mbang-lex-maire-joseph-ngolzamba-condamne-a-payer-534-millions-de-fcfa\/\">Cliquez ici pour lire l&rsquo;article depuis sa source.<\/a><\/p>\n","protected":false},"excerpt":{"rendered":"<p>Dans sa d\u00e9cision du 22 Avril 2019, le tribunal criminel Sp\u00e9cial (TCS) a condamn\u00e9 Joseph Ngolzamba, ex maire de la commune de Mbang \u00e0 15 ans de prison ferme. Selon des informations recueillies, il doit payer 534 millions r\u00e9partis comme suit\u00a0: 503 millions de francs de dommages et int\u00e9r\u00eats \u00e0 titre de r\u00e9paration du pr\u00e9judice [&hellip;]<\/p>\n","protected":false},"author":1969,"featured_media":0,"comment_status":"closed","ping_status":"closed","sticky":false,"template":"","format":"standard","meta":{"fifu_image_url":"","fifu_image_alt":"","footnotes":""},"categories":[82,78],"tags":[],"class_list":["post-34380","post","type-post","status-publish","format-standard","hentry","category-cameroun","category-economie"],"_links":{"self":[{"href":"https:\/\/linitiative.ca\/International\/wp-json\/wp\/v2\/posts\/34380","targetHints":{"allow":["GET"]}}],"collection":[{"href":"https:\/\/linitiative.ca\/International\/wp-json\/wp\/v2\/posts"}],"about":[{"href":"https:\/\/linitiative.ca\/International\/wp-json\/wp\/v2\/types\/post"}],"author":[{"embeddable":true,"href":"https:\/\/linitiative.ca\/International\/wp-json\/wp\/v2\/users\/1969"}],"replies":[{"embeddable":true,"href":"https:\/\/linitiative.ca\/International\/wp-json\/wp\/v2\/comments?post=34380"}],"version-history":[{"count":0,"href":"https:\/\/linitiative.ca\/International\/wp-json\/wp\/v2\/posts\/34380\/revisions"}],"wp:attachment":[{"href":"https:\/\/linitiative.ca\/International\/wp-json\/wp\/v2\/media?parent=34380"}],"wp:term":[{"taxonomy":"category","embeddable":true,"href":"https:\/\/linitiative.ca\/International\/wp-json\/wp\/v2\/categories?post=34380"},{"taxonomy":"post_tag","embeddable":true,"href":"https:\/\/linitiative.ca\/International\/wp-json\/wp\/v2\/tags?post=34380"}],"curies":[{"name":"wp","href":"https:\/\/api.w.org\/{rel}","templated":true}]}}