{"id":34391,"date":"2019-05-15T10:30:29","date_gmt":"2019-05-15T14:30:29","guid":{"rendered":"https:\/\/linitiative.ca\/International\/festival-de-fes-des-musiques-sacrees-du-monde-150-artistes-issus-de-plus-de-30-pays-pour-animer-la-25eme-edition\/"},"modified":"2019-05-15T10:30:29","modified_gmt":"2019-05-15T14:30:29","slug":"festival-de-fes-des-musiques-sacrees-du-monde-150-artistes-issus-de-plus-de-30-pays-pour-animer-la-25eme-edition","status":"publish","type":"post","link":"https:\/\/linitiative.ca\/International\/festival-de-fes-des-musiques-sacrees-du-monde-150-artistes-issus-de-plus-de-30-pays-pour-animer-la-25eme-edition\/","title":{"rendered":"Festival de F\u00e8s des musiques sacr\u00e9es du monde : 150 artistes issus de plus de 30 pays  pour animer la 25\u00e8me \u00e9dition"},"content":{"rendered":"<p><img decoding=\"async\" class=\"post_layout_5_img\" src=\"http:\/\/aujourdhui.ma\/wp-content\/uploads\/2019\/05\/Festival-de-Fe%CC%80s-des-musiques-sacre%CC%81es-du-monde-.jpg?x29840\" alt=\"Festival de F\u00e8s des musiques sacr\u00e9es du monde : 150 artistes issus de plus de 30 pays pour animer la 25\u00e8me \u00e9dition\"\/><\/p>\n<p class=\"p1\"><span class=\"s1 c5\"><span class=\"c4\"><strong>Ce ne sont pas moins de 150 artistes de renomm\u00e9e mondiale qui prendront part au 25\u00e8me Festival de F\u00e8s des musiques sacr\u00e9es du monde, qui se tiendra du 14 au 22 juin sous le Haut patronage de SM le Roi Mohammed VI.<\/strong><\/span><\/span> <span id=\"more-311249\"\/><\/p>\n<p class=\"p1\"><span class=\"s1\"><a href=\"http:\/\/aujourdhui.ma\/wp-content\/uploads\/2019\/05\/Festival-de-Fe%CC%80s-des-musiques-sacre%CC%81es-du-monde.jpg?x29840\"><img loading=\"lazy\" decoding=\"async\" class=\"size-full wp-image-311251 alignleft\" src=\"http:\/\/aujourdhui.ma\/wp-content\/uploads\/2019\/05\/Festival-de-Fe%CC%80s-des-musiques-sacre%CC%81es-du-monde.jpg?x29840\" alt=\"\" width=\"250\" height=\"493\" srcset=\"http:\/\/aujourdhui.ma\/wp-content\/uploads\/2019\/05\/Festival-de-Fe\u0300s-des-musiques-sacre\u0301es-du-monde.jpg 250w, http:\/\/aujourdhui.ma\/wp-content\/uploads\/2019\/05\/Festival-de-Fe\u0300s-des-musiques-sacre\u0301es-du-monde-152x300.jpg 152w\" sizes=\"auto, (max-width: 250px) 100vw, 250px\"\/><\/a>Le nombre est pr\u00e9cis\u00e9 par la Fondation Esprit de F\u00e8s, initiatrice de cet \u00e9v\u00e9nement culturel d\u2019envergure internationale qui, selon ses dires, r\u00e9unira \u00e9galement plus de trente pays. Cette \u00e9dition qui se tiendra sous le th\u00e8me \u00abF\u00e8s, \u00e0 la confluence des cultures\u00bb est particuli\u00e8re \u00e0 plus d\u2019un titre. Elle met en valeur le renouveau incessant de la m\u00e9dina de F\u00e8s. Aussi, la particularit\u00e9 du festival cette ann\u00e9e, selon les organisateurs, est qu\u2019il co\u00efncide avec le vingti\u00e8me anniversaire de l\u2019intronisation de SM le Roi Mohammed VI . Ainsi l\u2019\u00e9v\u00e9nement fera d\u2019une pierre deux coups. <em>\u00abCette \u00e9dition c\u00e9l\u00e9brera cette renaissance et aura ainsi une port\u00e9e unique\u00bb,<\/em> s\u2019expriment les initiateurs qui indiquent que la programmation sera exceptionnelle. En d\u00e9tail, le World Youth Orchestra, symbole de paix et de dialogue international, collaborera en exclusivit\u00e9 avec l\u2019ensemble andalou de F\u00e8s dans le cadre d\u2019une cr\u00e9ation musicale originale.<\/span><\/p>\n<p class=\"p1\"><span class=\"s1\">Sami Yusuf, vedette de la musique soufie, c\u00e9l\u00e9br\u00e9 notamment par le prestigieux Time Magazine, occupera la sc\u00e8ne mythique de Bab El Makina. Jos\u00e9 Merce et Tomatito, les deux virtuoses du Flamenco, enflammeront la sc\u00e8ne aux c\u00f4t\u00e9s du Kingdom Choir, la d\u00e9sormais incontournable chorale gospel ayant acquis une renomm\u00e9e internationale depuis les festivit\u00e9s du mariage du prince Harry et Megane. Les douces m\u00e9lop\u00e9es de Youssou Ndour, ic\u00f4ne culturelle de l\u2019Afrique chantante, succ\u00e9deront aux d\u00e9licieuses sonorit\u00e9s de Marcel Khalifa, reconnu \u00abartiste de l\u2019Unesco\u00bb. Les tonalit\u00e9s mystiques des chants et danses rituels des femmes de Cuba, d\u2019Azerbaidjan, l\u2019art du Muwashah d\u2019Alep et les chants sacr\u00e9s de Perse ou encore Carlos Nunez, ma\u00eetre de la cornemuse Ga\u00efta et l\u2019ensemble traditionnel d\u2019Oujda Espagne-Maroc sont \u00e9galement attendus.<\/span><\/p>\n<p class=\"p1\"><span class=\"s1\">Outre les spectacles quotidiens, le festival de F\u00e8s s\u2019ouvrira par une cr\u00e9ation originale \u00abF\u00e8s, m\u00e9moire du futur\u00bb. Con\u00e7ue par le comit\u00e9 culturel et artistique de la Fondation Esprit de F\u00e8s en collaboration \u00e9troite avec un large \u00e9ventail d\u2019artistes, la cr\u00e9ation mettra en sc\u00e8ne l\u2019histoire unique de la naissance de la ville imp\u00e9riale. <em>\u00abC\u2019est ce renouveau et cette histoire que le festival et son forum ont souhait\u00e9 faire conna\u00eetre et<span class=\"Apple-converted-space\">\u00a0<\/span> rayonner \u00e0 l\u2019international afin d\u2019imprimer la marque F\u00e8s\u00bb,<\/em> indique Abderrafih Zouitene, pr\u00e9sident de la fondation initiatrice.<\/span><\/p>\n<p class=\"p1\"><span class=\"s1\"><em>\u00abGr\u00e2ce \u00e0 une nouvelle orientation de la strat\u00e9gie de partenariats et de communication tourn\u00e9e vers le digital, les retomb\u00e9es m\u00e9diatiques ont renforc\u00e9 l\u2019attractivit\u00e9 touristique de la ville de F\u00e8s et celle-ci a connu une hausse sans pr\u00e9c\u00e9dent en 2017 et 2018\u00bb<\/em>, encha\u00eene-t-il. A propos du festival, il indique que celui-ci <em>\u00aba apport\u00e9 sa contribution au fil des temps au dialogue des cultures et des religions, \u00e0 mieux faire conna\u00eetre les valeurs de notre pays marqu\u00e9 par l\u2019ouverture sur l\u2019autre, l\u2019esprit de tol\u00e9rance et d\u2019accueil et la richesse de son patrimoine mat\u00e9riel et immat\u00e9riel\u00bb.<\/em><\/span><\/p>\n<p class=\"p1\"><span class=\"s1\">De plus, l\u2019\u00e9v\u00e9nement est marqu\u00e9 par le Forum de F\u00e8s qui en fait une partie int\u00e9grante. Pr\u00e9vu les 15 et 16 juin, ce Forum sera rythm\u00e9 par des tables rondes anim\u00e9es par des intervenants prestigieux en pr\u00e9sence de plusieurs \u00e9crivains, chercheurs, philosophes et penseurs. A propos de ce forum, le directeur g\u00e9n\u00e9ral de la fondation, Driss Khrouz, indique: <em>\u00abLa confluence des cultures consacr\u00e9e par ce bel itin\u00e9raire du festival de F\u00e8s sera notre source d\u2019inspiration. Elle sera ce souffle qui nous permettra de d\u00e9battre et d\u2019\u00e9couter d\u2019\u00e9minentes personnalit\u00e9s qui irriguent par leurs id\u00e9es et par leurs cr\u00e9ations cette culture de la paix, cette valeur de respect et de reconnaissance de tout ce qui alimente toutes les formes vertueuses de la spiritualit\u00e9\u00bb<\/em>. C\u2019est ce qui fait l\u2019int\u00e9r\u00eat de l\u2019\u00e9v\u00e9nement en entier.<\/span><\/p>\n<p>Auteur: ALM<br \/>\n<a href=\"http:\/\/aujourdhui.ma\/culture\/musique\/festival-de-fes-des-musiques-sacrees-du-monde-150-artistes-issus-de-plus-de-30-pays-pour-animer-la-25eme-edition\">Cliquez ici pour lire l&rsquo;article depuis sa source.<\/a><\/p>\n","protected":false},"excerpt":{"rendered":"<p>Ce ne sont pas moins de 150 artistes de renomm\u00e9e mondiale qui prendront part au 25\u00e8me Festival de F\u00e8s des musiques sacr\u00e9es du monde, qui se tiendra du 14 au 22 juin sous le Haut patronage de SM le Roi Mohammed VI. Le nombre est pr\u00e9cis\u00e9 par la Fondation Esprit de F\u00e8s, initiatrice de cet [&hellip;]<\/p>\n","protected":false},"author":1759,"featured_media":0,"comment_status":"closed","ping_status":"closed","sticky":false,"template":"","format":"standard","meta":{"fifu_image_url":"","fifu_image_alt":"","footnotes":""},"categories":[73,54],"tags":[],"class_list":["post-34391","post","type-post","status-publish","format-standard","hentry","category-actualite","category-maroc"],"_links":{"self":[{"href":"https:\/\/linitiative.ca\/International\/wp-json\/wp\/v2\/posts\/34391","targetHints":{"allow":["GET"]}}],"collection":[{"href":"https:\/\/linitiative.ca\/International\/wp-json\/wp\/v2\/posts"}],"about":[{"href":"https:\/\/linitiative.ca\/International\/wp-json\/wp\/v2\/types\/post"}],"author":[{"embeddable":true,"href":"https:\/\/linitiative.ca\/International\/wp-json\/wp\/v2\/users\/1759"}],"replies":[{"embeddable":true,"href":"https:\/\/linitiative.ca\/International\/wp-json\/wp\/v2\/comments?post=34391"}],"version-history":[{"count":0,"href":"https:\/\/linitiative.ca\/International\/wp-json\/wp\/v2\/posts\/34391\/revisions"}],"wp:attachment":[{"href":"https:\/\/linitiative.ca\/International\/wp-json\/wp\/v2\/media?parent=34391"}],"wp:term":[{"taxonomy":"category","embeddable":true,"href":"https:\/\/linitiative.ca\/International\/wp-json\/wp\/v2\/categories?post=34391"},{"taxonomy":"post_tag","embeddable":true,"href":"https:\/\/linitiative.ca\/International\/wp-json\/wp\/v2\/tags?post=34391"}],"curies":[{"name":"wp","href":"https:\/\/api.w.org\/{rel}","templated":true}]}}