{"id":34400,"date":"2019-05-15T04:05:51","date_gmt":"2019-05-15T08:05:51","guid":{"rendered":"https:\/\/linitiative.ca\/International\/gouvernance-locale-le-casse-tete-de-lexercice-de-la-fonction-de-maire-a-plein-temps\/"},"modified":"2019-05-15T04:05:51","modified_gmt":"2019-05-15T08:05:51","slug":"gouvernance-locale-le-casse-tete-de-lexercice-de-la-fonction-de-maire-a-plein-temps","status":"publish","type":"post","link":"https:\/\/linitiative.ca\/International\/gouvernance-locale-le-casse-tete-de-lexercice-de-la-fonction-de-maire-a-plein-temps\/","title":{"rendered":"Gouvernance locale : Le casse-t\u00eate de l\u2019exercice de la fonction de maire \u00e0 plein temps"},"content":{"rendered":"<p>Chaque fois qu\u2019on tente de faire une bonne chose, certaines parties trouvent quelque chose \u00e0 redire, comme c\u2019est le cas pour la gouvernance locale qui, pourtant, avait fait l\u2019objet de discussions prolong\u00e9s qu\u2019on avait pens\u00e9 qu\u2019elle ne verra pas le jour.<\/p>\n<p>Maintenant, ce sont les maires qui contestent certaines dispositions qui \u00ab\u00a0ne sont pas claires\u00a0\u00bb, au niveau de l\u2019exercice de cette fonction \u00e0 plein temps, sans oublier, aussi, les maires qui veulent \u00eatre les seuls \u00e0 d\u00e9cider et qui \u00e9cartent les autres membres dans les prises de d\u00e9cisions. Tout cela sans tenir compte des pertes de temps et d\u2019argent qui font oublier aux maires leur noble mission.<\/p>\n<p>La Conf\u00e9d\u00e9ration tunisienne des maires a mis en garde, hier, contre la d\u00e9stabilisation du syst\u00e8me de gouvernance locale, critiquant les d\u00e9marches entreprises par le minist\u00e8re des Affaires locales et de l\u2019Environnement pour activer les dispositions relatives aux mesures prises contre les maires refusant d\u2019exercer \u00e0 plein temps.<\/p>\n<p>Selon la conf\u00e9d\u00e9ration, l\u2019article relatif \u00e0 l\u2019application de ces dispositions dans le Code des collectivit\u00e9s locales n\u2019est pas clair.<\/p>\n<p>La conf\u00e9d\u00e9ration affirme, dans un communiqu\u00e9, qu\u2019elle saisira le tribunal administratif pour d\u00e9noncer toutes les violations du minist\u00e8re de la Justice et avertit contre les tentatives de contourner les dispositions du chapitre VII de la Constitution et d\u2019entraver le processus d\u2019\u00e9tablissement d\u2019une gouvernance locale efficace en faisant-fi de la volont\u00e9 des \u00e9lecteurs.<\/p>\n<p>La Conf\u00e9d\u00e9ration estime que les r\u00e9centes d\u00e9missions massives au sein des conseils municipaux visent \u00e0 renverser les maires, notant que l\u2019absence d\u2019un texte juridique prot\u00e9geant le maire des conflits politiques n\u2019est pas sans cons\u00e9quence sur la stabilit\u00e9 de l\u2019administration municipale et l\u2019ex\u00e9cution des programmes fix\u00e9s par le Budget.<\/p>\n<p>La conf\u00e9d\u00e9ration a, en outre, annonc\u00e9 qu\u2019elle soumettra \u00e0 l\u2019ARP des propositions de r\u00e9vision de certaines dispositions du code des collectivit\u00e9s locales qui vont \u00e0 l\u2019encontre des int\u00e9r\u00eats des citoyens. Et d\u2019ajouter que dilapider les fonds publics dans des \u00e9lections municipales partielles est de nature \u00e0 entraver l\u2019action municipale et faire de la gouvernance locale un objet de lutte \u00e9lectorale.<\/p>\n<p>La Conf\u00e9d\u00e9ration a appel\u00e9 tous les partis politiques \u00e0 garder l\u2019institution du maire et des conseils municipaux \u00e0 l\u2019\u00e9cart des campagnes pr\u00e9\u00e9lectorales et \u00e0 accorder la priorit\u00e9 \u00e0 l\u2019int\u00e9r\u00eat sup\u00e9rieur des citoyens dans toutes les municipalit\u00e9s et r\u00e9gions.<\/p>\n<p>Toutes ces recommandations sont, certes, bonnes. Mais, n\u2019aurait-il pas mieux valu se mettre devant une table de n\u00e9gociations et trancher cette question une fois pour toutes, afin d\u2019\u00e9viter au citoyen des \u00e9lections partielles et de veiller \u00e0 r\u00e9pondre \u00e0 ses attentes qui n\u2019ont que trop dur\u00e9\u00a0?<\/p>\n<p>Faouzi Snoussi<\/p>\n<p class=\"dpsp-share-text\">Partager c&rsquo;est aimer!<\/p>\n<div class=\"wp-post-author-wrap wp-post-author-shortcode left\">\n<h3 class=\"awpa-title\"\/>\n<div class=\"wp-post-author\">\n<div class=\"awpa-img awpa-author-block square\"><a href=\"http:\/\/lexpertjournal.net\/fr\/author\/expert\/\"><img loading=\"lazy\" decoding=\"async\" alt=\"\" src=\"http:\/\/2.gravatar.com\/avatar\/56d99be2a6f97af88ccb49fada637fcd?s=150&#038;d=mm&#038;r=g\" srcset=\"http:\/\/2.gravatar.com\/avatar\/56d99be2a6f97af88ccb49fada637fcd?s=300&#038;d=mm&#038;r=g 2x\" class=\"avatar avatar-150 photo\" height=\"150\" width=\"150\"\/><\/a><\/div>\n<\/div>\n<\/div>\n<p>Auteur: L&rsquo;expert<br \/>\n<a href=\"http:\/\/lexpertjournal.net\/fr\/2019\/05\/15\/gouvernance-locale-le-casse-tete-de-lexercice-de-la-fonction-de-maire-a-plein-temps\/\">Cliquez ici pour lire l&rsquo;article depuis sa source.<\/a><\/p>\n","protected":false},"excerpt":{"rendered":"<p>Chaque fois qu\u2019on tente de faire une bonne chose, certaines parties trouvent quelque chose \u00e0 redire, comme c\u2019est le cas pour la gouvernance locale qui, pourtant, avait fait l\u2019objet de discussions prolong\u00e9s qu\u2019on avait pens\u00e9 qu\u2019elle ne verra pas le jour. Maintenant, ce sont les maires qui contestent certaines dispositions qui \u00ab\u00a0ne sont pas claires\u00a0\u00bb, [&hellip;]<\/p>\n","protected":false},"author":1775,"featured_media":0,"comment_status":"closed","ping_status":"closed","sticky":false,"template":"","format":"standard","meta":{"fifu_image_url":"","fifu_image_alt":"","footnotes":""},"categories":[78,55],"tags":[],"class_list":["post-34400","post","type-post","status-publish","format-standard","hentry","category-economie","category-tunisie"],"_links":{"self":[{"href":"https:\/\/linitiative.ca\/International\/wp-json\/wp\/v2\/posts\/34400","targetHints":{"allow":["GET"]}}],"collection":[{"href":"https:\/\/linitiative.ca\/International\/wp-json\/wp\/v2\/posts"}],"about":[{"href":"https:\/\/linitiative.ca\/International\/wp-json\/wp\/v2\/types\/post"}],"author":[{"embeddable":true,"href":"https:\/\/linitiative.ca\/International\/wp-json\/wp\/v2\/users\/1775"}],"replies":[{"embeddable":true,"href":"https:\/\/linitiative.ca\/International\/wp-json\/wp\/v2\/comments?post=34400"}],"version-history":[{"count":0,"href":"https:\/\/linitiative.ca\/International\/wp-json\/wp\/v2\/posts\/34400\/revisions"}],"wp:attachment":[{"href":"https:\/\/linitiative.ca\/International\/wp-json\/wp\/v2\/media?parent=34400"}],"wp:term":[{"taxonomy":"category","embeddable":true,"href":"https:\/\/linitiative.ca\/International\/wp-json\/wp\/v2\/categories?post=34400"},{"taxonomy":"post_tag","embeddable":true,"href":"https:\/\/linitiative.ca\/International\/wp-json\/wp\/v2\/tags?post=34400"}],"curies":[{"name":"wp","href":"https:\/\/api.w.org\/{rel}","templated":true}]}}