{"id":34402,"date":"2019-05-15T04:56:48","date_gmt":"2019-05-15T08:56:48","guid":{"rendered":"https:\/\/linitiative.ca\/International\/lag-convoquee-pour-le-9-juin-sotuver-propose-un-dividende-de-0300-dinar-par-action\/"},"modified":"2019-05-15T04:56:48","modified_gmt":"2019-05-15T08:56:48","slug":"lag-convoquee-pour-le-9-juin-sotuver-propose-un-dividende-de-0300-dinar-par-action","status":"publish","type":"post","link":"https:\/\/linitiative.ca\/International\/lag-convoquee-pour-le-9-juin-sotuver-propose-un-dividende-de-0300-dinar-par-action\/","title":{"rendered":"L\u2019AG convoqu\u00e9e pour le 9 juin : SOTUVER propose un dividende de 0,300 dinar par action"},"content":{"rendered":"<p>Le Conseil d\u2019administration de la Soci\u00e9t\u00e9 Tunisienne de Verreries (SOTUVER) a d\u00e9cid\u00e9, lors de sa r\u00e9union tenue le 9 mai 2019, de convoquer l\u2019assembl\u00e9e g\u00e9n\u00e9rale ordinaire (AGO) pour le 19 juin 2019. Il proposera \u00e0 l\u2019AGO, la distribution d\u2019un dividende de 0,300 dinar par action.<\/p>\n<p>Par ailleurs, et \u00e0 la lumi\u00e8re du volume de la croissance du chiffre d\u2019affaires en 2018, justifi\u00e9e par l\u2019ouverture sur diff\u00e9rents march\u00e9s, des perspectives de croissance du march\u00e9 international, le conseil d\u2019Administration a charg\u00e9 la direction g\u00e9n\u00e9rale de parachever les \u00e9tudes pour la r\u00e9alisation d\u2019un troisi\u00e8me four afin de r\u00e9pondre aux besoins grandissants de la client\u00e8le.<\/p>\n<p>Faouzi Snoussi<\/p>\n<p class=\"dpsp-share-text\">Partager c&rsquo;est aimer!<\/p>\n<div class=\"wp-post-author-wrap wp-post-author-shortcode left\">\n<h3 class=\"awpa-title\"\/>\n<div class=\"wp-post-author\">\n<div class=\"awpa-img awpa-author-block square\"><a href=\"http:\/\/lexpertjournal.net\/fr\/author\/expert\/\"><img loading=\"lazy\" decoding=\"async\" alt=\"\" src=\"http:\/\/2.gravatar.com\/avatar\/56d99be2a6f97af88ccb49fada637fcd?s=150&#038;d=mm&#038;r=g\" srcset=\"http:\/\/2.gravatar.com\/avatar\/56d99be2a6f97af88ccb49fada637fcd?s=300&#038;d=mm&#038;r=g 2x\" class=\"avatar avatar-150 photo\" height=\"150\" width=\"150\"\/><\/a><\/div>\n<\/div>\n<\/div>\n<p>Auteur: L&rsquo;expert<br \/>\n<a href=\"http:\/\/lexpertjournal.net\/fr\/2019\/05\/15\/lag-convoquee-pour-le-9-juin-sotuver-propose-un-dividende-de-0300-dinar-par-action\/\">Cliquez ici pour lire l&rsquo;article depuis sa source.<\/a><\/p>\n","protected":false},"excerpt":{"rendered":"<p>Le Conseil d\u2019administration de la Soci\u00e9t\u00e9 Tunisienne de Verreries (SOTUVER) a d\u00e9cid\u00e9, lors de sa r\u00e9union tenue le 9 mai 2019, de convoquer l\u2019assembl\u00e9e g\u00e9n\u00e9rale ordinaire (AGO) pour le 19 juin 2019. Il proposera \u00e0 l\u2019AGO, la distribution d\u2019un dividende de 0,300 dinar par action. Par ailleurs, et \u00e0 la lumi\u00e8re du volume de la [&hellip;]<\/p>\n","protected":false},"author":1775,"featured_media":0,"comment_status":"closed","ping_status":"closed","sticky":false,"template":"","format":"standard","meta":{"fifu_image_url":"","fifu_image_alt":"","footnotes":""},"categories":[78,55],"tags":[],"class_list":["post-34402","post","type-post","status-publish","format-standard","hentry","category-economie","category-tunisie"],"_links":{"self":[{"href":"https:\/\/linitiative.ca\/International\/wp-json\/wp\/v2\/posts\/34402","targetHints":{"allow":["GET"]}}],"collection":[{"href":"https:\/\/linitiative.ca\/International\/wp-json\/wp\/v2\/posts"}],"about":[{"href":"https:\/\/linitiative.ca\/International\/wp-json\/wp\/v2\/types\/post"}],"author":[{"embeddable":true,"href":"https:\/\/linitiative.ca\/International\/wp-json\/wp\/v2\/users\/1775"}],"replies":[{"embeddable":true,"href":"https:\/\/linitiative.ca\/International\/wp-json\/wp\/v2\/comments?post=34402"}],"version-history":[{"count":0,"href":"https:\/\/linitiative.ca\/International\/wp-json\/wp\/v2\/posts\/34402\/revisions"}],"wp:attachment":[{"href":"https:\/\/linitiative.ca\/International\/wp-json\/wp\/v2\/media?parent=34402"}],"wp:term":[{"taxonomy":"category","embeddable":true,"href":"https:\/\/linitiative.ca\/International\/wp-json\/wp\/v2\/categories?post=34402"},{"taxonomy":"post_tag","embeddable":true,"href":"https:\/\/linitiative.ca\/International\/wp-json\/wp\/v2\/tags?post=34402"}],"curies":[{"name":"wp","href":"https:\/\/api.w.org\/{rel}","templated":true}]}}