{"id":34404,"date":"2019-05-15T05:23:40","date_gmt":"2019-05-15T09:23:40","guid":{"rendered":"https:\/\/linitiative.ca\/International\/des-etablissements-scolaires-tombant-en-ruines-effondrement-du-toitdune-salle-de-classe-a-bizerte\/"},"modified":"2019-05-15T05:23:40","modified_gmt":"2019-05-15T09:23:40","slug":"des-etablissements-scolaires-tombant-en-ruines-effondrement-du-toitdune-salle-de-classe-a-bizerte","status":"publish","type":"post","link":"https:\/\/linitiative.ca\/International\/des-etablissements-scolaires-tombant-en-ruines-effondrement-du-toitdune-salle-de-classe-a-bizerte\/","title":{"rendered":"Des \u00e9tablissements scolaires tombant en ruines : Effondrement du toitd\u2019une salle de classe \u00e0 Bizerte"},"content":{"rendered":"<p>Le gouverneur de Bizerte Mohamed Gouider a ordonn\u00e9 lundi, la fermeture de trois salles de classe \u00e0 l\u2019\u00e9cole primaire \u00bb Mine de la Galite \u00bb \u00e0 la d\u00e9l\u00e9gation de Ghazala (Bizerte), suite \u00e0 l\u2019effondrement d\u2019une partie du toit de l\u2019une des salles engendrant des d\u00e9g\u00e2ts mat\u00e9riels.<\/p>\n<p>La fermeture des salles de classe permettrait de prot\u00e9ger les \u00e9l\u00e8ves et le cadre \u00e9ducatif et administratif contre tout risque d\u2019incidents pouvant entrainer des d\u00e9g\u00e2ts.<\/p>\n<p>Lors d\u2019une visite effectu\u00e9e \u00e0 la d\u00e9l\u00e9gation de Ghezala, le gouverneur a \u00e9galement donn\u00e9 ses instructions afin de permettre aux \u00e9l\u00e8ves et aux enseignants d\u2019exploiter provisoirement la maison de jeunes de la r\u00e9gion, dans l\u2019attente de finaliser les travaux de r\u00e9paration n\u00e9cessaires des salles ferm\u00e9es.<\/p>\n<p>Il est \u00e0 noter que les \u00e9tablissements scolaires de la r\u00e9gion, notamment ceux de la d\u00e9l\u00e9gation de Ghazala font l\u2019objet d\u2019un suivi de la part des autorit\u00e9s r\u00e9gionales et ont \u00e9t\u00e9 au c\u0153ur de r\u00e9unions sectorielles visant \u00e0 relancer les projets programm\u00e9s et \u00e0 r\u00e9soudre les probl\u00e8mes en suspens.<\/p>\n<p>Faouzi snoussi<\/p>\n<p class=\"dpsp-share-text\">Partager c&rsquo;est aimer!<\/p>\n<div class=\"wp-post-author-wrap wp-post-author-shortcode left\">\n<h3 class=\"awpa-title\"\/>\n<div class=\"wp-post-author\">\n<div class=\"awpa-img awpa-author-block square\"><a href=\"http:\/\/lexpertjournal.net\/fr\/author\/expert\/\"><img loading=\"lazy\" decoding=\"async\" alt=\"\" src=\"http:\/\/2.gravatar.com\/avatar\/56d99be2a6f97af88ccb49fada637fcd?s=150&#038;d=mm&#038;r=g\" srcset=\"http:\/\/2.gravatar.com\/avatar\/56d99be2a6f97af88ccb49fada637fcd?s=300&#038;d=mm&#038;r=g 2x\" class=\"avatar avatar-150 photo\" height=\"150\" width=\"150\"\/><\/a><\/div>\n<\/div>\n<\/div>\n<p>Auteur: L&rsquo;expert<br \/>\n<a href=\"http:\/\/lexpertjournal.net\/fr\/2019\/05\/15\/des-etablissements-scolaires-tombant-en-ruines-effondrement-du-toitdune-salle-de-classe-a-bizerte\/\">Cliquez ici pour lire l&rsquo;article depuis sa source.<\/a><\/p>\n","protected":false},"excerpt":{"rendered":"<p>Le gouverneur de Bizerte Mohamed Gouider a ordonn\u00e9 lundi, la fermeture de trois salles de classe \u00e0 l\u2019\u00e9cole primaire \u00bb Mine de la Galite \u00bb \u00e0 la d\u00e9l\u00e9gation de Ghazala (Bizerte), suite \u00e0 l\u2019effondrement d\u2019une partie du toit de l\u2019une des salles engendrant des d\u00e9g\u00e2ts mat\u00e9riels. La fermeture des salles de classe permettrait de prot\u00e9ger [&hellip;]<\/p>\n","protected":false},"author":1775,"featured_media":0,"comment_status":"closed","ping_status":"closed","sticky":false,"template":"","format":"standard","meta":{"fifu_image_url":"","fifu_image_alt":"","footnotes":""},"categories":[78,55],"tags":[],"class_list":["post-34404","post","type-post","status-publish","format-standard","hentry","category-economie","category-tunisie"],"_links":{"self":[{"href":"https:\/\/linitiative.ca\/International\/wp-json\/wp\/v2\/posts\/34404","targetHints":{"allow":["GET"]}}],"collection":[{"href":"https:\/\/linitiative.ca\/International\/wp-json\/wp\/v2\/posts"}],"about":[{"href":"https:\/\/linitiative.ca\/International\/wp-json\/wp\/v2\/types\/post"}],"author":[{"embeddable":true,"href":"https:\/\/linitiative.ca\/International\/wp-json\/wp\/v2\/users\/1775"}],"replies":[{"embeddable":true,"href":"https:\/\/linitiative.ca\/International\/wp-json\/wp\/v2\/comments?post=34404"}],"version-history":[{"count":0,"href":"https:\/\/linitiative.ca\/International\/wp-json\/wp\/v2\/posts\/34404\/revisions"}],"wp:attachment":[{"href":"https:\/\/linitiative.ca\/International\/wp-json\/wp\/v2\/media?parent=34404"}],"wp:term":[{"taxonomy":"category","embeddable":true,"href":"https:\/\/linitiative.ca\/International\/wp-json\/wp\/v2\/categories?post=34404"},{"taxonomy":"post_tag","embeddable":true,"href":"https:\/\/linitiative.ca\/International\/wp-json\/wp\/v2\/tags?post=34404"}],"curies":[{"name":"wp","href":"https:\/\/api.w.org\/{rel}","templated":true}]}}