{"id":34405,"date":"2019-05-15T05:26:19","date_gmt":"2019-05-15T09:26:19","guid":{"rendered":"https:\/\/linitiative.ca\/International\/marine-marchande-report-de-la-greve-au-2-juillet-2019\/"},"modified":"2019-05-15T05:26:19","modified_gmt":"2019-05-15T09:26:19","slug":"marine-marchande-report-de-la-greve-au-2-juillet-2019","status":"publish","type":"post","link":"https:\/\/linitiative.ca\/International\/marine-marchande-report-de-la-greve-au-2-juillet-2019\/","title":{"rendered":"Marine marchande : Report de la gr\u00e8ve au 2 juillet 2019"},"content":{"rendered":"<p>La gr\u00e8ve des agents et cadres de l\u2019Office de la marine marchande et des ports (OMMP) initialement pr\u00e9vue pour le 16 mai 2019, dans tous les ports tunisiens a \u00e9t\u00e9 report\u00e9e au 2 juillet 2019.<\/p>\n<p>Lors d\u2019une r\u00e9union, tenue hier, au si\u00e8ge de l\u2019Inspection du travail et de la conciliation, les parties administrative et syndicale sont parvenues \u00e0 un accord pour satisfaire les revendications des agents, en attendant l\u2019approbation de la Pr\u00e9sidence du gouvernement.<\/p>\n<p>Dans une d\u00e9claration \u00e0 l\u2019agence TAP, le directeur des ressources humaines \u00e0 l\u2019OMMP, Adel Hmadi, a indiqu\u00e9 que les agents de l\u2019OMMP ont essentiellement r\u00e9clam\u00e9 la n\u00e9cessit\u00e9 de se r\u00e9f\u00e9rer au salaire brut pour la fixation de la prime de rendement annuelle, conform\u00e9ment \u00e0 l\u2019article 120 de la loi organique des agents de l\u2019Office de la marine marchande et des ports, au lieu de la r\u00e9f\u00e9rence actuellement faite au salaire net.<\/p>\n<p>Les revendications des agents concernent aussi la r\u00e9vision de la grille de paiement des heures suppl\u00e9mentaires qui se r\u00e9f\u00e8re \u00e0 la grille de salaires datant de 2014 et de la valeur des tickets de la restauration qui est rest\u00e9e inchang\u00e9e depuis 2006.<\/p>\n<p>Les agents de l\u2019Office de la marine marchande et des ports ont aussi revendiqu\u00e9 la simplification des proc\u00e9dures administratives d\u2019octroi de la prime des habits, souvent octroy\u00e9e apr\u00e8s les d\u00e9lais fix\u00e9s (1er mai de chaque ann\u00e9e).<\/p>\n<p>Faouzi Snoussi<\/p>\n<p class=\"dpsp-share-text\">Partager c&rsquo;est aimer!<\/p>\n<div class=\"wp-post-author-wrap wp-post-author-shortcode left\">\n<h3 class=\"awpa-title\"\/>\n<div class=\"wp-post-author\">\n<div class=\"awpa-img awpa-author-block square\"><a href=\"http:\/\/lexpertjournal.net\/fr\/author\/expert\/\"><img loading=\"lazy\" decoding=\"async\" alt=\"\" src=\"http:\/\/2.gravatar.com\/avatar\/56d99be2a6f97af88ccb49fada637fcd?s=150&#038;d=mm&#038;r=g\" srcset=\"http:\/\/2.gravatar.com\/avatar\/56d99be2a6f97af88ccb49fada637fcd?s=300&#038;d=mm&#038;r=g 2x\" class=\"avatar avatar-150 photo\" height=\"150\" width=\"150\"\/><\/a><\/div>\n<\/div>\n<\/div>\n<p>Auteur: L&rsquo;expert<br \/>\n<a href=\"http:\/\/lexpertjournal.net\/fr\/2019\/05\/15\/marine-marchande-report-de-la-greve-au-2-juillet-2019\/\">Cliquez ici pour lire l&rsquo;article depuis sa source.<\/a><\/p>\n","protected":false},"excerpt":{"rendered":"<p>La gr\u00e8ve des agents et cadres de l\u2019Office de la marine marchande et des ports (OMMP) initialement pr\u00e9vue pour le 16 mai 2019, dans tous les ports tunisiens a \u00e9t\u00e9 report\u00e9e au 2 juillet 2019. Lors d\u2019une r\u00e9union, tenue hier, au si\u00e8ge de l\u2019Inspection du travail et de la conciliation, les parties administrative et syndicale [&hellip;]<\/p>\n","protected":false},"author":1775,"featured_media":0,"comment_status":"closed","ping_status":"closed","sticky":false,"template":"","format":"standard","meta":{"fifu_image_url":"","fifu_image_alt":"","footnotes":""},"categories":[78,55],"tags":[],"class_list":["post-34405","post","type-post","status-publish","format-standard","hentry","category-economie","category-tunisie"],"_links":{"self":[{"href":"https:\/\/linitiative.ca\/International\/wp-json\/wp\/v2\/posts\/34405","targetHints":{"allow":["GET"]}}],"collection":[{"href":"https:\/\/linitiative.ca\/International\/wp-json\/wp\/v2\/posts"}],"about":[{"href":"https:\/\/linitiative.ca\/International\/wp-json\/wp\/v2\/types\/post"}],"author":[{"embeddable":true,"href":"https:\/\/linitiative.ca\/International\/wp-json\/wp\/v2\/users\/1775"}],"replies":[{"embeddable":true,"href":"https:\/\/linitiative.ca\/International\/wp-json\/wp\/v2\/comments?post=34405"}],"version-history":[{"count":0,"href":"https:\/\/linitiative.ca\/International\/wp-json\/wp\/v2\/posts\/34405\/revisions"}],"wp:attachment":[{"href":"https:\/\/linitiative.ca\/International\/wp-json\/wp\/v2\/media?parent=34405"}],"wp:term":[{"taxonomy":"category","embeddable":true,"href":"https:\/\/linitiative.ca\/International\/wp-json\/wp\/v2\/categories?post=34405"},{"taxonomy":"post_tag","embeddable":true,"href":"https:\/\/linitiative.ca\/International\/wp-json\/wp\/v2\/tags?post=34405"}],"curies":[{"name":"wp","href":"https:\/\/api.w.org\/{rel}","templated":true}]}}