{"id":34406,"date":"2019-05-15T05:29:36","date_gmt":"2019-05-15T09:29:36","guid":{"rendered":"https:\/\/linitiative.ca\/International\/monastir-nouvelle-unite-de-composants-automobiles-et-aeronautiques\/"},"modified":"2019-05-15T05:29:36","modified_gmt":"2019-05-15T09:29:36","slug":"monastir-nouvelle-unite-de-composants-automobiles-et-aeronautiques","status":"publish","type":"post","link":"https:\/\/linitiative.ca\/International\/monastir-nouvelle-unite-de-composants-automobiles-et-aeronautiques\/","title":{"rendered":"Monastir :  Nouvelle unit\u00e9 de composants automobiles et a\u00e9ronautiques"},"content":{"rendered":"<p>Une nouvelle unit\u00e9 de fabrication de composants pour le secteur de l\u2019automobile et celui de l\u2019a\u00e9ronautique est entr\u00e9e en production \u00e0 Masjed Issa dans la d\u00e9l\u00e9gation de Sahline (gouvernorat de Monastir).<\/p>\n<p>Relevant de la soci\u00e9t\u00e9 \u00ab Secure \u00bb, ce projet est r\u00e9alis\u00e9 dans le cadre d\u2019une extension sur une superficie de 1000 m2 moyennant une enveloppe de 900 mille dinars.<\/p>\n<p>La nouvelle unit\u00e9 emploie 30 agents, a indiqu\u00e9 AbderrahmaneChtourou, directeur g\u00e9n\u00e9ral de la soci\u00e9t\u00e9.<\/p>\n<p>Cr\u00e9\u00e9e en 2012 \u00ab Secure \u00bb est une soci\u00e9t\u00e9 tuniso-belge totalement exportatrice.<\/p>\n<p>La valeur de ses exportations a \u00e9volu\u00e9 passant de 400 mille dinars en 2012 \u00e0 5 millions de dinars en 2019.<\/p>\n<p>L\u2019entreprise est sp\u00e9cialis\u00e9e dans la fabrication de pi\u00e8ces auto pour les maisons Mercedes, Volkswagen et Dacia et d\u2019autres au Canada et aux Etats Unis.<\/p>\n<p>Elle assurera prochainement la fabrication de si\u00e8ges de jets l\u00e9gers pour le compte d\u2019un client britannique.<\/p>\n<p>Faouzi Snoussi<\/p>\n<p class=\"dpsp-share-text\">Partager c&rsquo;est aimer!<\/p>\n<div class=\"wp-post-author-wrap wp-post-author-shortcode left\">\n<h3 class=\"awpa-title\"\/>\n<div class=\"wp-post-author\">\n<div class=\"awpa-img awpa-author-block square\"><a href=\"http:\/\/lexpertjournal.net\/fr\/author\/expert\/\"><img loading=\"lazy\" decoding=\"async\" alt=\"\" src=\"http:\/\/2.gravatar.com\/avatar\/56d99be2a6f97af88ccb49fada637fcd?s=150&#038;d=mm&#038;r=g\" srcset=\"http:\/\/2.gravatar.com\/avatar\/56d99be2a6f97af88ccb49fada637fcd?s=300&#038;d=mm&#038;r=g 2x\" class=\"avatar avatar-150 photo\" height=\"150\" width=\"150\"\/><\/a><\/div>\n<\/div>\n<\/div>\n<p>Auteur: L&rsquo;expert<br \/>\n<a href=\"http:\/\/lexpertjournal.net\/fr\/2019\/05\/15\/monastir-nouvelle-unite-de-composants-automobiles-et-aeronautiques\/\">Cliquez ici pour lire l&rsquo;article depuis sa source.<\/a><\/p>\n","protected":false},"excerpt":{"rendered":"<p>Une nouvelle unit\u00e9 de fabrication de composants pour le secteur de l\u2019automobile et celui de l\u2019a\u00e9ronautique est entr\u00e9e en production \u00e0 Masjed Issa dans la d\u00e9l\u00e9gation de Sahline (gouvernorat de Monastir). Relevant de la soci\u00e9t\u00e9 \u00ab Secure \u00bb, ce projet est r\u00e9alis\u00e9 dans le cadre d\u2019une extension sur une superficie de 1000 m2 moyennant une [&hellip;]<\/p>\n","protected":false},"author":1775,"featured_media":0,"comment_status":"closed","ping_status":"closed","sticky":false,"template":"","format":"standard","meta":{"fifu_image_url":"","fifu_image_alt":"","footnotes":""},"categories":[78,55],"tags":[],"class_list":["post-34406","post","type-post","status-publish","format-standard","hentry","category-economie","category-tunisie"],"_links":{"self":[{"href":"https:\/\/linitiative.ca\/International\/wp-json\/wp\/v2\/posts\/34406","targetHints":{"allow":["GET"]}}],"collection":[{"href":"https:\/\/linitiative.ca\/International\/wp-json\/wp\/v2\/posts"}],"about":[{"href":"https:\/\/linitiative.ca\/International\/wp-json\/wp\/v2\/types\/post"}],"author":[{"embeddable":true,"href":"https:\/\/linitiative.ca\/International\/wp-json\/wp\/v2\/users\/1775"}],"replies":[{"embeddable":true,"href":"https:\/\/linitiative.ca\/International\/wp-json\/wp\/v2\/comments?post=34406"}],"version-history":[{"count":0,"href":"https:\/\/linitiative.ca\/International\/wp-json\/wp\/v2\/posts\/34406\/revisions"}],"wp:attachment":[{"href":"https:\/\/linitiative.ca\/International\/wp-json\/wp\/v2\/media?parent=34406"}],"wp:term":[{"taxonomy":"category","embeddable":true,"href":"https:\/\/linitiative.ca\/International\/wp-json\/wp\/v2\/categories?post=34406"},{"taxonomy":"post_tag","embeddable":true,"href":"https:\/\/linitiative.ca\/International\/wp-json\/wp\/v2\/tags?post=34406"}],"curies":[{"name":"wp","href":"https:\/\/api.w.org\/{rel}","templated":true}]}}