{"id":34407,"date":"2019-05-15T05:42:03","date_gmt":"2019-05-15T09:42:03","guid":{"rendered":"https:\/\/linitiative.ca\/International\/saisie-du-materiel-de-nessma-tv-lentetement-peut-mener-a-toutes-les-derives\/"},"modified":"2019-05-15T05:42:03","modified_gmt":"2019-05-15T09:42:03","slug":"saisie-du-materiel-de-nessma-tv-lentetement-peut-mener-a-toutes-les-derives","status":"publish","type":"post","link":"https:\/\/linitiative.ca\/International\/saisie-du-materiel-de-nessma-tv-lentetement-peut-mener-a-toutes-les-derives\/","title":{"rendered":"Saisie du mat\u00e9riel de Nessma TV L\u2019ent\u00eatement peut mener \u00e0 toutes les d\u00e9rives"},"content":{"rendered":"<p><strong><em>Le moment est, certes, venu pour instaurer un paysage audiovisuel transparent, cr\u00e9dible et sans all\u00e9geance et, de prime abord, on peut penser, sans emportements, que la HAICA a commenc\u00e9 \u00e0 pr\u00e9parer le terrain \u00e0 cette n\u00e9cessit\u00e9. Toutefois, de nombreuses interrogations accompagnent la d\u00e9cision de la \u00ab\u00a0saisie du mat\u00e9riel\u00a0\u00bb de la cha\u00eene Nessma TV. Pourquoi a-t-on choisi ce moment pr\u00e9cis\u00a0? Pourquoi Nessma et pas les autres cha\u00eenes qui ont, elles aussi, quelque chose \u00e0 se reprocher\u00a0? Et, surtout, pourquoi personne n\u2019a \u00e9t\u00e9 averti les concern\u00e9s, afin de les inciter \u00e0 r\u00e9gler leur situation\u00a0?<\/em><\/strong><\/p>\n<p>IL est difficile de ne pas penser que le moment est venu pour que chaque partie assume ses responsabilit\u00e9s, afin que les prochaines \u00e9lections, que ce soit la pr\u00e9sidentielle ou les l\u00e9gislatives, ne soient entach\u00e9es d\u2019aucun d\u00e9faut, afin qu\u2019elles soient cr\u00e9dibles, transparentes et honn\u00eates, avec un paysage m\u00e9diatique qui offre les m\u00eames chances pour tous.<\/p>\n<p>Le propri\u00e9taire de Nessma TV a, depuis la R\u00e9volution, fait ce que bon lui semble sur \u00ab\u00a0sa\u00a0\u00bb cha\u00eene, faisant-fi des r\u00e8gles du jeu, atteignant, parfois, des limites insupportables pour le t\u00e9l\u00e9spectateur. Toutefois, on doit au moins \u00e0 cette t\u00e9l\u00e9vision, le fait qu\u2019elle a \u00e9t\u00e9 l\u2019une des exp\u00e9riences-pilotes du priv\u00e9 dans le paysage audiovisuel. Elle est la premi\u00e8re \u00e0 aider \u00e0 l\u2019\u00e9closion de comp\u00e9tences, avec des programmes attrayants et qui, parfois, ont une influence grandissante sur l\u2019opinion publique.<\/p>\n<p>Toutefois, en ce moment, on a le droit de la critiquer, avec son propri\u00e9taire qui s\u2019affiche, tous les jours et \u00e0 toutes heures sur l\u2019\u00e9cran, pour faire le bon samaritain et le sauveur des pauvres, en ramassant des aides, ce qui n\u2019est pas son r\u00f4le.<\/p>\n<p>Entretemps, Nabil Karoui, le seul dirigeant visible de cette cha\u00eene, fait la grosse t\u00eate et ne r\u00e9pond pas aux multiples mises en demeure de la HAICA, la haute autorit\u00e9 de l\u2019audiovisuel, se croyant au-dessus de la loi et comme \u00e9tant le seul d\u00e9tenteur de la v\u00e9rit\u00e9, ce qui est contraire aux bonnes r\u00e8gles, pour aider \u00e0 l\u2019instauration d\u2019une d\u00e9mocratie o\u00f9 chacun a des droits, mais, aussi et surtout, des devoirs, envers ses t\u00e9l\u00e9spectateurs et son pays.<\/p>\n<p>Peut-on avoir des griefs contre la HAICA qui a accompli la mission pour laquelle elle a \u00e9t\u00e9 cr\u00e9\u00e9e, m\u00eame si certains doutent de son savoir-faire et de sa cr\u00e9dibilit\u00e9\u00a0?<\/p>\n<p>Le toll\u00e9 vient d\u2019\u00eatre engag\u00e9, entre partisans et d\u00e9tracteurs de l\u2019ex\u00e9cution de cette saisie. Mais, tout le monde se demande pourquoi on a choisi ce moment pr\u00e9cis et, surtout, pourquoi la loi s\u2019applique \u00e0 Nessma TV, alors que d\u2019autres cha\u00eenes sont dans une situation d\u2019infraction \u00e0 la loi pire que cela.<\/p>\n<p>Le pr\u00e9sident de la Haute autorit\u00e9 ind\u00e9pendante de la communication audiovisuelle (HAICA), Nouri Lajmi a indiqu\u00e9, jeudi, que la saisie des \u00e9quipements de Nessma TV intervient en application de la d\u00e9cision du conseil de la HAICA en date du 15 avril 2019. Ce qui veut dire qu\u2019il y a anguille sous roche, alors que dans d\u2019autres affaires, il faut attendre des mois et des mois, et peut-\u00eatre, parfois, des ann\u00e9es, pour ex\u00e9cuter une d\u00e9cision de saisie.<\/p>\n<p>S\u2019exprimant lors d\u2019une conf\u00e9rence de presse organis\u00e9e jeudi apr\u00e8s-midi au si\u00e8ge de la HAICA, Lajmi a pr\u00e9cis\u00e9 que cette proc\u00e9dure est pr\u00e9vue par le d\u00e9cret-loi 116 apr\u00e8s avoir \u00e9puis\u00e9 toutes les voies de r\u00e9gularisation de la situation juridique de la cha\u00eene priv\u00e9e et le refus de ses responsables de se conformer au cahier des charges.<\/p>\n<p>Cette proc\u00e9dure ne signifie nullement la fermeture de la cha\u00eene TV, a-t-il ajout\u00e9, pr\u00e9cisant que la pr\u00e9sence des forces de l\u2019ordre est habituelle lors de confiscation d\u2019\u00e9quipements de diffusion.<\/p>\n<p>Les forces de l\u2019ordre se sont d\u00e9plac\u00e9es le matin vers le si\u00e8ge de la cha\u00eene priv\u00e9e pour ex\u00e9cuter la d\u00e9cision de la HAICA de confisquer les \u00e9quipements de diffusion de Nessma TV. Elles se sont d\u00e9ploy\u00e9es devant le si\u00e8ge de la cha\u00eene priv\u00e9e, o\u00f9 une foule s\u2019est rassembl\u00e9e en soutien \u00e0 Nessma TV.<\/p>\n<p>Le pr\u00e9sident de la HAICA a rappel\u00e9 les proc\u00e9dures qui dure depuis juillet 2018 et qui ont \u00e9t\u00e9 suivies avant la d\u00e9cision de saisir le mat\u00e9riel de Nessma TV.<\/p>\n<p>Le conseil de la HAICA avait d\u00e9cid\u00e9 le 13 juillet 2018 la suspension des proc\u00e9dures de r\u00e8glement de la situation de la cha\u00eene, conform\u00e9ment \u00e0 l\u2019article 50 du d\u00e9cret-loi 116 pour ne pas avoir effectu\u00e9 les proc\u00e9dures n\u00e9cessaires \u00e0 la modification de l\u2019aspect l\u00e9gal de la soci\u00e9t\u00e9 Nessma Prodcast qui exploite la cha\u00eene de t\u00e9l\u00e9vision, de soci\u00e9t\u00e9 \u00e0 responsabilit\u00e9 limit\u00e9e \u00e0 soci\u00e9t\u00e9 anonyme, conform\u00e9ment \u00e0 l\u2019article 4 du cahier des charges.<\/p>\n<p>Une notification d\u2019infraction a \u00e9t\u00e9 \u00e9galement adress\u00e9e au repr\u00e9sentant l\u00e9gal de la cha\u00eene le 5 octobre 2018. Nessma TV ayant continu\u00e9 la diffusion sans r\u00e9gulariser sa situation conform\u00e9ment \u00e0 l\u2019article 31 du d\u00e9cret-loi 116 qui stipule qu\u2019en cas d\u2019exercice des activit\u00e9s de diffusion sans licence, la HAICA inflige des amendes allant de vingt mille (20.000) dinars \u00e0 cinquante mille (50.000) dinars et elle peut ordonner la confiscation des \u00e9quipements utilis\u00e9s dans l\u2019accomplissement de ces activit\u00e9s.<\/p>\n<p>Le 27 novembre 2018, la HAICA a d\u00e9cid\u00e9 d\u2019infliger une amende de 50 mille dinars \u00e0 la cha\u00eene de t\u00e9l\u00e9vision pour avoir exerc\u00e9 des activit\u00e9s de diffusion sans licence et ce, en vertu des dispositions de l\u2019article 31 du d\u00e9cret-loi 2011-116 du 2 novembre 2011, relatif \u00e0 la libert\u00e9 de la communication audiovisuelle et portant cr\u00e9ation de la HAICA.<\/p>\n<p>Pour Nouri Lajmi la saisie des \u00e9quipements de Nessma TV n\u2019est pas \u00ab une d\u00e9cision politique \u00bb. La HAICA a \u00e9t\u00e9 pouss\u00e9e \u00e0 prendre cette d\u00e9cision, a-t-il dit, ajoutant que \u00ab la pr\u00e9sidence du gouvernement n\u2019intervient pas dans les d\u00e9cisions de l\u2019instance \u00bb.<\/p>\n<p>Cette proc\u00e9dure s\u2019est appliqu\u00e9e \u00e0 d\u2019autres \u00e9tablissements m\u00e9diatiques tels que \u00ab Radio Quran Karim \u00bb ainsi que la cha\u00eene Zitouna TV qui \u00ab b\u00e9n\u00e9ficie d\u2019un soutien politique \u00bb, lance Nouri Lajmi. Cette cha\u00eene de t\u00e9l\u00e9vision priv\u00e9e a retransmis ses programmes en piratant ill\u00e9galement une fr\u00e9quence TV, a-t-il indiqu\u00e9.<\/p>\n<p>Le pire est que le propri\u00e9taire de cette cha\u00eene se croit tout permis et continue sur sa lanc\u00e9e en d\u00e9nigrant la HAICA et les pouvoirs publics. C\u2019est que les ambitions politiques peuvent aveugler certains qui croient que leur popularit\u00e9 est assez importante pour briguer un poste pr\u00e9sidentiel, alors que, parfois, les apparences sont trompeuses, parce qu\u2019il ne suffit pas de faire le bienfaiteur, sans rien donner de sa poche, pour croire qu\u2019on peut arriver \u00e0 l\u2019objectif escompt\u00e9.<\/p>\n<p>Le peuple a assez \u00e9t\u00e9 tromp\u00e9 et, maintenant, il est n\u00e9cessaire que les candidats potentiels aux postes de responsabilit\u00e9 montrent patte blanche et prouvent qu\u2019ils sont honn\u00eates, au moins, pour attirer les gens qui veulent sauver la Tunisie.<\/p>\n<p>Trop d\u2019enseignement \u00e0 tirer, avec pour conclusion que Nabil Karoui a perdu \u00ab\u00a0sa couverture politique\u00a0\u00bb et que, maintenant, il est plus facile d\u2019agir pour la HAICA. Mais, malheureusement, il faut penser, maintenant, au sort des centaines de travailleurs, techniciens, journalistes et autres personnel, qui seront r\u00e9duits au ch\u00f4mage et\u2026 par cons\u00e9quent, n\u2019auront pas de salaires, tout en \u00e9tant des otages des deux parties.<\/p>\n<p><strong><em>F.S.<\/em><\/strong><\/p>\n<p class=\"dpsp-share-text\">Partager c&rsquo;est aimer!<\/p>\n<div class=\"wp-post-author-wrap wp-post-author-shortcode left\">\n<h3 class=\"awpa-title\"\/>\n<div class=\"wp-post-author\">\n<div class=\"awpa-img awpa-author-block square\"><a href=\"http:\/\/lexpertjournal.net\/fr\/author\/expert\/\"><img loading=\"lazy\" decoding=\"async\" alt=\"\" src=\"http:\/\/2.gravatar.com\/avatar\/56d99be2a6f97af88ccb49fada637fcd?s=150&#038;d=mm&#038;r=g\" srcset=\"http:\/\/2.gravatar.com\/avatar\/56d99be2a6f97af88ccb49fada637fcd?s=300&#038;d=mm&#038;r=g 2x\" class=\"avatar avatar-150 photo\" height=\"150\" width=\"150\"\/><\/a><\/div>\n<\/div>\n<\/div>\n<p>Auteur: L&rsquo;expert<br \/>\n<a href=\"http:\/\/lexpertjournal.net\/fr\/2019\/05\/15\/saisie-du-materiel-de-nessma-tv-lentetement-peut-mener-a-toutes-les-derives\/\">Cliquez ici pour lire l&rsquo;article depuis sa source.<\/a><\/p>\n","protected":false},"excerpt":{"rendered":"<p>Le moment est, certes, venu pour instaurer un paysage audiovisuel transparent, cr\u00e9dible et sans all\u00e9geance et, de prime abord, on peut penser, sans emportements, que la HAICA a commenc\u00e9 \u00e0 pr\u00e9parer le terrain \u00e0 cette n\u00e9cessit\u00e9. Toutefois, de nombreuses interrogations accompagnent la d\u00e9cision de la \u00ab\u00a0saisie du mat\u00e9riel\u00a0\u00bb de la cha\u00eene Nessma TV. Pourquoi a-t-on [&hellip;]<\/p>\n","protected":false},"author":1775,"featured_media":0,"comment_status":"closed","ping_status":"closed","sticky":false,"template":"","format":"standard","meta":{"fifu_image_url":"","fifu_image_alt":"","footnotes":""},"categories":[78,55],"tags":[],"class_list":["post-34407","post","type-post","status-publish","format-standard","hentry","category-economie","category-tunisie"],"_links":{"self":[{"href":"https:\/\/linitiative.ca\/International\/wp-json\/wp\/v2\/posts\/34407","targetHints":{"allow":["GET"]}}],"collection":[{"href":"https:\/\/linitiative.ca\/International\/wp-json\/wp\/v2\/posts"}],"about":[{"href":"https:\/\/linitiative.ca\/International\/wp-json\/wp\/v2\/types\/post"}],"author":[{"embeddable":true,"href":"https:\/\/linitiative.ca\/International\/wp-json\/wp\/v2\/users\/1775"}],"replies":[{"embeddable":true,"href":"https:\/\/linitiative.ca\/International\/wp-json\/wp\/v2\/comments?post=34407"}],"version-history":[{"count":0,"href":"https:\/\/linitiative.ca\/International\/wp-json\/wp\/v2\/posts\/34407\/revisions"}],"wp:attachment":[{"href":"https:\/\/linitiative.ca\/International\/wp-json\/wp\/v2\/media?parent=34407"}],"wp:term":[{"taxonomy":"category","embeddable":true,"href":"https:\/\/linitiative.ca\/International\/wp-json\/wp\/v2\/categories?post=34407"},{"taxonomy":"post_tag","embeddable":true,"href":"https:\/\/linitiative.ca\/International\/wp-json\/wp\/v2\/tags?post=34407"}],"curies":[{"name":"wp","href":"https:\/\/api.w.org\/{rel}","templated":true}]}}