{"id":34411,"date":"2019-05-15T13:04:07","date_gmt":"2019-05-15T17:04:07","guid":{"rendered":"https:\/\/linitiative.ca\/International\/creation-dun-comite-de-surveillance-des-festivals-internationaux\/"},"modified":"2019-05-15T13:04:07","modified_gmt":"2019-05-15T17:04:07","slug":"creation-dun-comite-de-surveillance-des-festivals-internationaux","status":"publish","type":"post","link":"https:\/\/linitiative.ca\/International\/creation-dun-comite-de-surveillance-des-festivals-internationaux\/","title":{"rendered":"Cr\u00e9ation d&rsquo;un comit\u00e9 de surveillance des festivals internationaux"},"content":{"rendered":"<div>\n<div class=\"K2FeedImage\"><img decoding=\"async\" src=\"http:\/\/www.aps.dz\/media\/k2\/items\/cache\/fc51650111c6a2366555ec596076559c_S.jpg\" alt=\"Cr\u00e9ation d'un comit\u00e9 de surveillance des festivals internationaux\"><\/div>\n<div class=\"K2FeedIntroText\">\n<p><strong>ALGER &#8211; La ministre de la Culture, Meriem Merdaci, a fait \u00e9tat d&rsquo;une d\u00e9marche visant \u00ab\u00a0la cr\u00e9ation d&rsquo;un comit\u00e9 de suivi et de surveillance\u00a0\u00bb, au niveau central pour accompagner les festivals internationaux institu\u00e9s, et ce lors d&rsquo;une r\u00e9union d&rsquo;orientation avec les commissaires de festivals, a indiqu\u00e9 mardi un communiqu\u00e9 du minist\u00e8re.<\/strong><\/p>\n<\/div>\n<div class=\"K2FeedFullText\">\n<p>La ministre a appel\u00e9 les commissaires \u00e0 \u00ab\u00a0d\u00e9finir des alternatives de financement des festivals en recourant au secteur priv\u00e9\u00a0\u00bb, et en \u00ab\u00a0sensibilisant les autorit\u00e9s locales\u00a0\u00bb \u00e0 l&rsquo;importance de ces festivals dans l&rsquo;animation de la vie \u00e9conomique, culturelle, et artistique.<\/p>\n<p>Concernant les moyens techniques de gestion des festivals, la ministre a appel\u00e9 les commissaires \u00e0 \u00ab\u00a0recourir aux moyens techniques des \u00e9tablissements de tutelle\u00a0\u00bb qui disposent, selon le communiqu\u00e9 du minist\u00e8re \u00ab\u00a0d&rsquo;une exp\u00e9rience dans l&rsquo;organisation de tels festivit\u00e9s\u00a0\u00bb.<\/p>\n<p>Mme Merdaci a insist\u00e9 sur le \u00ab\u00a0respect des lois et des r\u00e8glementations r\u00e9gissant ces festivals\u00a0\u00bb, a ajout\u00e9 le communiqu\u00e9.<\/p>\n<\/div>\n<\/div>\n<p>Auteur:<br \/>\n<a href=\"http:\/\/www.aps.dz\/culture\/89429-creation-d-un-comite-de-surveillance-des-festivals-internationaux\">Cliquez ici pour lire l&rsquo;article depuis sa source.<\/a><\/p>\n","protected":false},"excerpt":{"rendered":"<p>ALGER &#8211; La ministre de la Culture, Meriem Merdaci, a fait \u00e9tat d&rsquo;une d\u00e9marche visant \u00ab\u00a0la cr\u00e9ation d&rsquo;un comit\u00e9 de suivi et de surveillance\u00a0\u00bb, au niveau central pour accompagner les festivals internationaux institu\u00e9s, et ce lors d&rsquo;une r\u00e9union d&rsquo;orientation avec les commissaires de festivals, a indiqu\u00e9 mardi un communiqu\u00e9 du minist\u00e8re. La ministre a appel\u00e9 [&hellip;]<\/p>\n","protected":false},"author":1790,"featured_media":34412,"comment_status":"closed","ping_status":"closed","sticky":false,"template":"","format":"standard","meta":{"fifu_image_url":"","fifu_image_alt":"","footnotes":""},"categories":[53,79],"tags":[],"class_list":["post-34411","post","type-post","status-publish","format-standard","has-post-thumbnail","hentry","category-algerie","category-culture"],"_links":{"self":[{"href":"https:\/\/linitiative.ca\/International\/wp-json\/wp\/v2\/posts\/34411","targetHints":{"allow":["GET"]}}],"collection":[{"href":"https:\/\/linitiative.ca\/International\/wp-json\/wp\/v2\/posts"}],"about":[{"href":"https:\/\/linitiative.ca\/International\/wp-json\/wp\/v2\/types\/post"}],"author":[{"embeddable":true,"href":"https:\/\/linitiative.ca\/International\/wp-json\/wp\/v2\/users\/1790"}],"replies":[{"embeddable":true,"href":"https:\/\/linitiative.ca\/International\/wp-json\/wp\/v2\/comments?post=34411"}],"version-history":[{"count":0,"href":"https:\/\/linitiative.ca\/International\/wp-json\/wp\/v2\/posts\/34411\/revisions"}],"wp:featuredmedia":[{"embeddable":true,"href":"https:\/\/linitiative.ca\/International\/wp-json\/"}],"wp:attachment":[{"href":"https:\/\/linitiative.ca\/International\/wp-json\/wp\/v2\/media?parent=34411"}],"wp:term":[{"taxonomy":"category","embeddable":true,"href":"https:\/\/linitiative.ca\/International\/wp-json\/wp\/v2\/categories?post=34411"},{"taxonomy":"post_tag","embeddable":true,"href":"https:\/\/linitiative.ca\/International\/wp-json\/wp\/v2\/tags?post=34411"}],"curies":[{"name":"wp","href":"https:\/\/api.w.org\/{rel}","templated":true}]}}