{"id":34413,"date":"2019-05-15T13:04:08","date_gmt":"2019-05-15T17:04:08","guid":{"rendered":"https:\/\/linitiative.ca\/International\/20e-festival-europeen-amar-amarni-et-jasmina-petrovic-en-concert-a-alger\/"},"modified":"2019-05-15T13:04:08","modified_gmt":"2019-05-15T17:04:08","slug":"20e-festival-europeen-amar-amarni-et-jasmina-petrovic-en-concert-a-alger","status":"publish","type":"post","link":"https:\/\/linitiative.ca\/International\/20e-festival-europeen-amar-amarni-et-jasmina-petrovic-en-concert-a-alger\/","title":{"rendered":"20e Festival europ\u00e9en : Amar Amarni et Jasmina Petrovic en concert \u00e0 Alger"},"content":{"rendered":"<div>\n<div class=\"K2FeedImage\"><img decoding=\"async\" src=\"http:\/\/www.aps.dz\/media\/k2\/items\/cache\/ddb79ba6626dc063447744dbc836ba97_S.jpg\" alt=\"20e Festival europ\u00e9en : Amar Amarni et Jasmina Petrovic en concert \u00e0 Alger\"><\/div>\n<div class=\"K2FeedIntroText\">\n<p><strong>ALGER &#8211; Une exp\u00e9rience musicale atypique, fruit d&rsquo;une rencontre entre les musiques alg\u00e9riennes et croates, a \u00e9t\u00e9 propos\u00e9e mardi soir au public alg\u00e9rois par le duo Amar Amarni et la chanteuse croate Jasmina Petrovic.<\/strong><\/p>\n<\/div>\n<div class=\"K2FeedFullText\">\n<p>Ce concert organis\u00e9 \u00e0 la salle Ibn Zaydoun de l&rsquo;Office Ryadh El Feth, repr\u00e9sente la Croatie au 20e Festival culturel europ\u00e9en qui se tient \u00e0 Alger depuis vendredi.<\/p>\n<p>Chanteur, musicien, vid\u00e9aste et plasticien, Amar Amarni propose un jeu de voix int\u00e9ressant avec la chanteuse croate sur des titres de son album \u00ab\u00a0Orange makes me happy\u00a0\u00bb en plus de plusieurs classiques alg\u00e9riens et universels revisit\u00e9s sur le plan m\u00e9lodique.<\/p>\n<p>Avec ces reprises, pr\u00e9sent\u00e9es devant un public moyennement nombreux, le duo souhaite apporter une touche m\u00e9diterran\u00e9enne inspir\u00e9e des musiques alg\u00e9riennes et croates. Le fruit de cette exp\u00e9rience propose une m\u00e9lodie sobre \u00e0 la guitare s\u00e8che et une interpr\u00e9tation en duo sur des gammes diff\u00e9rentes.<\/p>\n<hr>\n<p><em><strong>Lire aussi:\u00a0<\/strong><\/em><a href=\"http:\/\/www.aps.dz\/culture\/89374-20e-festival-culturel-europeen-bonne-prestation-du-trio-suedois-hof\">20e Festival culturel europ\u00e9en: bonne prestation du trio su\u00e9dois \u00ab\u00a0HOF\u00a0\u00bb<\/a><\/p>\n<hr>\n<p>Dans le cadre de ce festival, plac\u00e9 sous le signe du vivre ensemble, le duo s&rsquo;\u00e9tait \u00e9galement produit lundi soir dans la ville de Bejaia.<\/p>\n<p>Musique, danse et cin\u00e9ma sont au programme du 20e Festival culturel europ\u00e9en qui se poursuit jusqu\u2019au 27 mai prochain \u00e0 la salle Ibn Seydou de l\u2019Office Riadh El Feth \u00e0 Alger, ainsi qu\u2019un spectacle pr\u00e9vu dans chacune des villes d&rsquo;Oran et de Tizi Ouzou.<\/p>\n<p>Seize pays europ\u00e9ens dont la Bulgarie, la Croatie, la France, La Roumanie et l\u2019Espagne, animent le 20e Festival Culturel europ\u00e9en en Alg\u00e9rie, qui se poursuit jusqu\u2019au 27 mai \u00e0 la salle Ibn Zeydoun de l\u2019Oref.<\/p>\n<\/div>\n<\/div>\n<p>Auteur:<br \/>\n<a href=\"http:\/\/www.aps.dz\/culture\/89438-20e-festival-europeen-amar-amarni-et-jasmina-petrovic-en-concert-a-alger\">Cliquez ici pour lire l&rsquo;article depuis sa source.<\/a><\/p>\n","protected":false},"excerpt":{"rendered":"<p>ALGER &#8211; Une exp\u00e9rience musicale atypique, fruit d&rsquo;une rencontre entre les musiques alg\u00e9riennes et croates, a \u00e9t\u00e9 propos\u00e9e mardi soir au public alg\u00e9rois par le duo Amar Amarni et la chanteuse croate Jasmina Petrovic. Ce concert organis\u00e9 \u00e0 la salle Ibn Zaydoun de l&rsquo;Office Ryadh El Feth, repr\u00e9sente la Croatie au 20e Festival culturel europ\u00e9en [&hellip;]<\/p>\n","protected":false},"author":1790,"featured_media":34414,"comment_status":"closed","ping_status":"closed","sticky":false,"template":"","format":"standard","meta":{"fifu_image_url":"","fifu_image_alt":"","footnotes":""},"categories":[53,79],"tags":[],"class_list":["post-34413","post","type-post","status-publish","format-standard","has-post-thumbnail","hentry","category-algerie","category-culture"],"_links":{"self":[{"href":"https:\/\/linitiative.ca\/International\/wp-json\/wp\/v2\/posts\/34413","targetHints":{"allow":["GET"]}}],"collection":[{"href":"https:\/\/linitiative.ca\/International\/wp-json\/wp\/v2\/posts"}],"about":[{"href":"https:\/\/linitiative.ca\/International\/wp-json\/wp\/v2\/types\/post"}],"author":[{"embeddable":true,"href":"https:\/\/linitiative.ca\/International\/wp-json\/wp\/v2\/users\/1790"}],"replies":[{"embeddable":true,"href":"https:\/\/linitiative.ca\/International\/wp-json\/wp\/v2\/comments?post=34413"}],"version-history":[{"count":0,"href":"https:\/\/linitiative.ca\/International\/wp-json\/wp\/v2\/posts\/34413\/revisions"}],"wp:featuredmedia":[{"embeddable":true,"href":"https:\/\/linitiative.ca\/International\/wp-json\/"}],"wp:attachment":[{"href":"https:\/\/linitiative.ca\/International\/wp-json\/wp\/v2\/media?parent=34413"}],"wp:term":[{"taxonomy":"category","embeddable":true,"href":"https:\/\/linitiative.ca\/International\/wp-json\/wp\/v2\/categories?post=34413"},{"taxonomy":"post_tag","embeddable":true,"href":"https:\/\/linitiative.ca\/International\/wp-json\/wp\/v2\/tags?post=34413"}],"curies":[{"name":"wp","href":"https:\/\/api.w.org\/{rel}","templated":true}]}}