{"id":34425,"date":"2019-05-14T21:33:48","date_gmt":"2019-05-15T01:33:48","guid":{"rendered":"https:\/\/linitiative.ca\/International\/plaidoyer-a-talmest-en-faveur-de-la-promotion-du-leadership-des-femmes\/"},"modified":"2019-05-14T21:33:48","modified_gmt":"2019-05-15T01:33:48","slug":"plaidoyer-a-talmest-en-faveur-de-la-promotion-du-leadership-des-femmes","status":"publish","type":"post","link":"https:\/\/linitiative.ca\/International\/plaidoyer-a-talmest-en-faveur-de-la-promotion-du-leadership-des-femmes\/","title":{"rendered":"Plaidoyer \u00e0 Talmest en faveur de la promotion du leadership des femmes"},"content":{"rendered":"<div readability=\"38\">\n<p>Commune de Talmest (Essaouira) \u2013 Les participantes \u00e0 la premi\u00e8re rencontre provinciale des femmes leaders au niveau de la province d\u2019Essaouira, tenue r\u00e9cemment \u00e0 la commune de Talmest, ont plaid\u00e9 en faveur de la promotion de leadership de la gent f\u00e9minine, \u00e0 travers l\u2019identification des besoins des femmes en termes de programmes et d\u2019opportunit\u00e9s.<\/p>\n<\/div>\n<div readability=\"103\">\n<p>L\u2019identification des besoins des femmes passe n\u00e9cessairement par la communication directe avec cette frange de la soci\u00e9t\u00e9, l\u2019engagement d\u2019un dialogue franc avec toutes les composantes de la soci\u00e9t\u00e9, ou encore via la constitution de groupes pour repr\u00e9senter les femmes au niveau des campagnes et des communes de la province, tout en oeuvrant \u00e0 consolider la participation f\u00e9minine dans les domaines politique et social, ont-elles ajout\u00e9.<\/p>\n<p>Lors de cette rencontre, initi\u00e9e par l\u2019association \u2018\u2019La vall\u00e9e verte pour le d\u00e9veloppement\u2019\u2019 en partenariat avec le Forum des F\u00e9d\u00e9rations canadien, et le Conseil provincial d\u2019Essaouira, les participantes ont \u00e9t\u00e9 unanimes \u00e0 mettre en avant l\u2019importance de renforcer les comp\u00e9tences et les capacit\u00e9s des femmes, insistant sur la n\u00e9cessit\u00e9 de leur offrir l\u2019opportunit\u00e9 de mettre en valeur leurs comp\u00e9tences et leur savoir-faire dans les domaines politique, socio-\u00e9conomique, administratif et associatif au niveau de la province.<\/p>\n<p>Elles ont \u00e9galement soulign\u00e9 la n\u00e9cessit\u00e9 de renforcer le r\u00f4le des associations et acteurs de la soci\u00e9t\u00e9 civile en vue d\u2019adopter et d\u00e9fendre positivement les questions li\u00e9es \u00e0 la gent f\u00e9minine, et de favoriser l\u2019\u00e9tablissement de contacts permanents entre les femmes leaders et leurs homologues au niveau de l\u2019ensemble des communes relevant de la province d\u2019Essaouira.<\/p>\n<p>Au menu de cette rencontre, figurait l\u2019organisation de deux d\u2019ateliers au cours desquels des femmes leaders op\u00e9rant dans les secteurs de l\u2019enseignement, de l\u2019administration, des affaires, de la politique et de l\u2019artisanat, entre autres, ont \u00e9chang\u00e9 leurs connaissances, expertises et exp\u00e9riences.<\/p>\n<p>Ainsi, un premier atelier a \u00e9t\u00e9 consacr\u00e9 aux droits des femmes et \u00e0 l\u2019approche genre dans les conventions internationales et les l\u00e9gislations nationales, occasion de prendre connaissance des l\u00e9gislations en vigueur, tout en rappelant que l\u2019int\u00e9r\u00eat port\u00e9 \u00e0 la question des femmes au plan international avait d\u00e9but\u00e9 avec la cr\u00e9ation de l\u2019organisation onusienne et la Charte onusienne de 1945.<\/p>\n<p>L\u2019accent a \u00e9t\u00e9 mis aussi sur les droits des femmes dans les l\u00e9gislations locales entre la r\u00e9alit\u00e9 et la pratique au niveau de la province d\u2019Essaouira.<\/p>\n<p>Quant au second atelier, il a \u00e9t\u00e9 consacr\u00e9 \u00e0 l\u2019examen du concept de \u2018\u2019leadership\u2019\u2019 ainsi qu\u2019aux caract\u00e9ristiques du leadership r\u00e9ussi et du leadership pr\u00f4nant le changement, outre des t\u00e9moignages de femmes leaders locales sur leurs \u00e9checs et contraintes mais aussi sur leurs succ\u00e8s.<\/p>\n<p>Au terme de cette premi\u00e8re rencontre des femmes leaders au niveau de la province d\u2019Essaouira, un hommage a \u00e9t\u00e9 rendu \u00e0 16 femmes agissant dans les secteurs de l\u2019Entraide Nationale, des Collectivit\u00e9s territoriales et de la soci\u00e9t\u00e9 civile, en pr\u00e9sence de responsables, d\u2019\u00e9lus et d\u2019autres personnalit\u00e9s.<\/p>\n<p>A noter que cette rencontre a \u00e9t\u00e9 marqu\u00e9e par la participation d\u2019une cinquantaine de femmes issues de divers horizons au niveau de la province d\u2019Essaouira, dont des fonctionnaires du Conseil provincial et de diff\u00e9rentes communes locales, des militantes associatives et membres de coop\u00e9ratives f\u00e9minines, des conseill\u00e8res communales et des enseignantes.<\/p>\n<\/div>\n<p>Auteur: Meriem IGASS<br \/>\n<a href=\"http:\/\/www.mapmarrakech.ma\/fr\/plaidoyer-a-talmest-en-faveur-de-la-promotion-du-leadership-des-femmes\/\">Cliquez ici pour lire l&rsquo;article depuis sa source.<\/a><\/p>\n","protected":false},"excerpt":{"rendered":"<p>Commune de Talmest (Essaouira) \u2013 Les participantes \u00e0 la premi\u00e8re rencontre provinciale des femmes leaders au niveau de la province d\u2019Essaouira, tenue r\u00e9cemment \u00e0 la commune de Talmest, ont plaid\u00e9 en faveur de la promotion de leadership de la gent f\u00e9minine, \u00e0 travers l\u2019identification des besoins des femmes en termes de programmes et d\u2019opportunit\u00e9s. L\u2019identification [&hellip;]<\/p>\n","protected":false},"author":1788,"featured_media":0,"comment_status":"closed","ping_status":"closed","sticky":false,"template":"","format":"standard","meta":{"fifu_image_url":"","fifu_image_alt":"","footnotes":""},"categories":[54,76],"tags":[],"class_list":["post-34425","post","type-post","status-publish","format-standard","hentry","category-maroc","category-regions"],"_links":{"self":[{"href":"https:\/\/linitiative.ca\/International\/wp-json\/wp\/v2\/posts\/34425","targetHints":{"allow":["GET"]}}],"collection":[{"href":"https:\/\/linitiative.ca\/International\/wp-json\/wp\/v2\/posts"}],"about":[{"href":"https:\/\/linitiative.ca\/International\/wp-json\/wp\/v2\/types\/post"}],"author":[{"embeddable":true,"href":"https:\/\/linitiative.ca\/International\/wp-json\/wp\/v2\/users\/1788"}],"replies":[{"embeddable":true,"href":"https:\/\/linitiative.ca\/International\/wp-json\/wp\/v2\/comments?post=34425"}],"version-history":[{"count":0,"href":"https:\/\/linitiative.ca\/International\/wp-json\/wp\/v2\/posts\/34425\/revisions"}],"wp:attachment":[{"href":"https:\/\/linitiative.ca\/International\/wp-json\/wp\/v2\/media?parent=34425"}],"wp:term":[{"taxonomy":"category","embeddable":true,"href":"https:\/\/linitiative.ca\/International\/wp-json\/wp\/v2\/categories?post=34425"},{"taxonomy":"post_tag","embeddable":true,"href":"https:\/\/linitiative.ca\/International\/wp-json\/wp\/v2\/tags?post=34425"}],"curies":[{"name":"wp","href":"https:\/\/api.w.org\/{rel}","templated":true}]}}